{"id":661213,"date":"2026-01-20T08:56:39","date_gmt":"2026-01-20T12:56:39","guid":{"rendered":"https:\/\/diariodominicano.com\/?p=661213"},"modified":"2026-01-20T13:54:19","modified_gmt":"2026-01-20T17:54:19","slug":"diaz-canel-saluda-a-partido-comunista-de-vietnam","status":"publish","type":"post","link":"https:\/\/diariodominicano.com\/?p=661213","title":{"rendered":"D\u00edaz-Canel saluda a Partido Comunista de Vietnam"},"content":{"rendered":"\n<ul class=\"wp-block-list\">\n<li>enero 19, 2026<\/li>\n\n\n\n<li>CST15:23 GMT -05;00<\/li>\n<\/ul>\n\n\n\n<p>La Habana, 19 ene (Prensa Latina) El presidente Cuba, Miguel D\u00edaz-Canel, public\u00f3 hoy un mensaje de salutaci\u00f3n a prop\u00f3sito del venidero congreso del Partido Comunista de Vietnam, programado para desarrollarse desde este lunes hasta el pr\u00f3ximo domingo. <\/p>\n\n\n\n<p>\u00abDesde Cuba, saludamos al Partido Comunista de Vietnam y a su Secretario General, el querido compa\u00f1ero To Lam, en ocasion del XIV Congreso de esa organizaci\u00f3n pol\u00edtica que se celebra del 19 al 25 de enero\u00bb, dice el mensaje del jefe de Estado en X.<\/p>\n\n\n\n<p>Tambi\u00e9n D\u00edaz-Canel ratific\u00f3 los deseos de que la naci\u00f3n asi\u00e1tica logre \u00abnuevos \u00e9xitos en la construccion del socialismo\u00bb y reafirm\u00f3 \u00abla voluntad de continuar profundizando los vinculos interpartidistas y la hermandad\u00bb de ese pueblo con el cubano.<\/p>\n\n\n\n<p>La ciencia, tecnolog\u00eda e innovaci\u00f3n est\u00e1n situadas en el centro del programa socioecon\u00f3mico impulsado por el XIV Congreso Nacional del Partido Comunista de Vietnam, lo que permitir\u00e1 a partir de este a\u00f1o un crecimiento de dos d\u00edgitos sostenible.<\/p>\n\n\n\n<p>oda\/raj<\/p>\n\n\n\n<ul class=\"wp-block-list\">\n<li>#<a href=\"https:\/\/www.prensa-latina.cu\/etiqueta\/cuba\/\">cuba<\/a>&nbsp;#<a href=\"https:\/\/www.prensa-latina.cu\/etiqueta\/vietnam\/\">vietnam<\/a><\/li>\n<\/ul>\n","protected":false},"excerpt":{"rendered":"<p>La Habana, 19 ene (Prensa Latina) El presidente Cuba, Miguel D\u00edaz-Canel, public\u00f3 hoy un mensaje de salutaci\u00f3n a prop\u00f3sito del venidero congreso del Partido Comunista de Vietnam, programado para desarrollarse desde este lunes hasta el pr\u00f3ximo domingo. \u00abDesde Cuba, saludamos al Partido Comunista de Vietnam y a su Secretario General, el querido compa\u00f1ero To Lam, [&hellip;]<\/p>\n","protected":false},"author":2,"featured_media":661214,"comment_status":"closed","ping_status":"closed","sticky":false,"template":"","format":"standard","meta":{"footnotes":""},"categories":[23],"tags":[2200,3100,3772],"class_list":["post-661213","post","type-post","status-publish","format-standard","has-post-thumbnail","hentry","category-internacional","tag-adios-cuba","tag-cuba","tag-vietnam"],"_links":{"self":[{"href":"https:\/\/diariodominicano.com\/index.php?rest_route=\/wp\/v2\/posts\/661213","targetHints":{"allow":["GET"]}}],"collection":[{"href":"https:\/\/diariodominicano.com\/index.php?rest_route=\/wp\/v2\/posts"}],"about":[{"href":"https:\/\/diariodominicano.com\/index.php?rest_route=\/wp\/v2\/types\/post"}],"author":[{"embeddable":true,"href":"https:\/\/diariodominicano.com\/index.php?rest_route=\/wp\/v2\/users\/2"}],"replies":[{"embeddable":true,"href":"https:\/\/diariodominicano.com\/index.php?rest_route=%2Fwp%2Fv2%2Fcomments&post=661213"}],"version-history":[{"count":2,"href":"https:\/\/diariodominicano.com\/index.php?rest_route=\/wp\/v2\/posts\/661213\/revisions"}],"predecessor-version":[{"id":661229,"href":"https:\/\/diariodominicano.com\/index.php?rest_route=\/wp\/v2\/posts\/661213\/revisions\/661229"}],"wp:featuredmedia":[{"embeddable":true,"href":"https:\/\/diariodominicano.com\/index.php?rest_route=\/wp\/v2\/media\/661214"}],"wp:attachment":[{"href":"https:\/\/diariodominicano.com\/index.php?rest_route=%2Fwp%2Fv2%2Fmedia&parent=661213"}],"wp:term":[{"taxonomy":"category","embeddable":true,"href":"https:\/\/diariodominicano.com\/index.php?rest_route=%2Fwp%2Fv2%2Fcategories&post=661213"},{"taxonomy":"post_tag","embeddable":true,"href":"https:\/\/diariodominicano.com\/index.php?rest_route=%2Fwp%2Fv2%2Ftags&post=661213"}],"curies":[{"name":"wp","href":"https:\/\/api.w.org\/{rel}","templated":true}]}}