{"id":66121,"date":"2012-03-09T13:05:02","date_gmt":"2012-03-09T13:05:02","guid":{"rendered":"http:\/\/diariodominicano.ddns.net\/?p=66121"},"modified":"2012-03-09T13:05:02","modified_gmt":"2012-03-09T13:05:02","slug":"comienza-hoy-festival-habanero-paz-y-amor","status":"publish","type":"post","link":"https:\/\/diariodominicano.com\/?p=66121","title":{"rendered":"Comienza hoy festival habanero Paz y Amor"},"content":{"rendered":"<p><body><\/p>\n<p><span class=\"text1noticias\">\t \t <\/span><\/p>\n<p><span class=\"text1noticias\">9:05 am La Habana, 9 mar (PL).-  M\u00fasicos cubanos y suecos compartir\u00e1n desde hoy el escenario de la fortaleza colonial de San Carlos de La Caba\u00f1a, como parte de la segunda edici\u00f3n habanera del Festival Peace and Love.<\/span><\/p>\n<\/p>\n<p><span class=\"text1noticias\">Estilos como pop, rock, hip-hop, m\u00fasica electro y tecno se fusionar\u00e1n al quehacer de importantes artistas pl\u00e1sticos de la isla, Alemania, Rusia y otras naciones europeas para ofrecer una diversidad de criterios a trav\u00e9s de grabados y pinturas que hablan de nuestro tiempo, precis\u00f3 Reynaldo Ortega, curador de la exposici\u00f3n Comunes en nuestro pensamiento.<\/span><\/p>\n<\/p>\n<p><span class=\"text1noticias\">Una docena de agrupaciones como Maskinen, The Baboon Show, Little Marbes, Prop Dylan y Love in, entre otras extranjeras, se unir\u00e1n a las cubanas S\u00edntesis, Interactivo, X Alfonso y Carlos Varela, en una oportunidad \u00fanica para que el p\u00fablico joven de la isla conozca otras formas de hacer m\u00fasica.<\/span><\/p>\n<\/p>\n<p><span class=\"text1noticias\">Promovido por la F\u00e1brica de Arte Cubano, proyecto que dirige el m\u00fasico X Alfonso, esta edici\u00f3n cubana pretende marcar una diferencia en relaci\u00f3n con el resto de los puentes musicales que a lo largo de los a\u00f1os Cuba ha tendido con otros pa\u00edses.<\/span><\/p>\n<\/p>\n<p><span class=\"text1noticias\">Con el lema Coraje, amor y esperanza, el festival, de car\u00e1cter ecol\u00f3gico, surgi\u00f3 en 1999 en el peque\u00f1o poblado de Borlange, en Suecia, y actualmente existen otros similares en China, Chile y Bulgaria.<\/span><\/p>\n<\/p>\n<p><span class=\"text1noticias\">M\u00e1s de 40 mil personas asisten cada a\u00f1o a la cita sueca, en la que han participado cerca de 200 grupos de diferentes naciones y artistas como Alice in Chains, Patti Smith y Jay-Z.<\/span><\/p>\n<\/p>\n<p><span class=\"text1noticias\">Hasta el s\u00e1bado, la paz y el amor -dos premisas esenciales y carentes en el mundo de hoy- marcar\u00e1n los acordes de un encuentro, donde la m\u00fasica y las artes pl\u00e1sticas ser\u00e1n los principales protagonistas, y los j\u00f3venes sus m\u00e1s fieles aliados<\/span>.<\/p>\n<h6> 2012-03-09 13:05:02 <\/h6>\n<p><!--\n<link rel=\"stylesheet\" href=\"css\/bootstrap.min.css\">\n\n\n<ul class=\"pagination\">\n\t    \n\t\n\n<li >\n\t<a href='?page_no=17798'>Previous<\/a>\n\t<\/li>\n\n\n       \n    \n\n<li><a href='?page_no=1'>1<\/a><\/li>\n\n\n\n<li><a href='?page_no=2'>2<\/a><\/li>\n\n\n\n<li><a>...<\/a><\/li>\n\n\n\n<li><a href='?page_no=17797'>17797<\/a><\/li>\n\n\n\n<li><a href='?page_no=17798'>17798<\/a><\/li>\n\n\n\n<li class='active'><a>17799<\/a><\/li>\n\n\n\n<li><a href='?page_no=17800'>17800<\/a><\/li>\n\n\n\n<li><a href='?page_no=17801'>17801<\/a><\/li>\n\n\n\n<li><a>...<\/a><\/li>\n\n\n\n<li><a href='?page_no=22911'>22911<\/a><\/li>\n\n\n\n<li><a href='?page_no=22912'>22912<\/a><\/li>\n\n    \n\t\n\n<li >\n\t<a href='?page_no=17800'>Next<\/a>\n\t<\/li>\n\n\n    \n\n<li><a href='?page_no=22912'>Last &rsaquo;&rsaquo;<\/a><\/li>\n\n<\/ul>\n\n\n--><br \/>\n<\/body><\/p>\n","protected":false},"excerpt":{"rendered":"<p>9:05 am La Habana, 9 mar (PL).- M\u00fasicos cubanos y suecos compartir\u00e1n desde hoy el escenario de la fortaleza colonial de San Carlos de La Caba\u00f1a, como parte de la segunda edici\u00f3n habanera del Festival Peace and Love. Estilos como pop, rock, hip-hop, m\u00fasica electro y tecno se fusionar\u00e1n al quehacer de importantes artistas pl\u00e1sticos [&hellip;]<\/p>\n","protected":false},"author":3,"featured_media":0,"comment_status":"open","ping_status":"open","sticky":false,"template":"","format":"standard","meta":{"footnotes":""},"categories":[21],"tags":[],"class_list":["post-66121","post","type-post","status-publish","format-standard","hentry","category-cultura"],"_links":{"self":[{"href":"https:\/\/diariodominicano.com\/index.php?rest_route=\/wp\/v2\/posts\/66121","targetHints":{"allow":["GET"]}}],"collection":[{"href":"https:\/\/diariodominicano.com\/index.php?rest_route=\/wp\/v2\/posts"}],"about":[{"href":"https:\/\/diariodominicano.com\/index.php?rest_route=\/wp\/v2\/types\/post"}],"author":[{"embeddable":true,"href":"https:\/\/diariodominicano.com\/index.php?rest_route=\/wp\/v2\/users\/3"}],"replies":[{"embeddable":true,"href":"https:\/\/diariodominicano.com\/index.php?rest_route=%2Fwp%2Fv2%2Fcomments&post=66121"}],"version-history":[{"count":0,"href":"https:\/\/diariodominicano.com\/index.php?rest_route=\/wp\/v2\/posts\/66121\/revisions"}],"wp:attachment":[{"href":"https:\/\/diariodominicano.com\/index.php?rest_route=%2Fwp%2Fv2%2Fmedia&parent=66121"}],"wp:term":[{"taxonomy":"category","embeddable":true,"href":"https:\/\/diariodominicano.com\/index.php?rest_route=%2Fwp%2Fv2%2Fcategories&post=66121"},{"taxonomy":"post_tag","embeddable":true,"href":"https:\/\/diariodominicano.com\/index.php?rest_route=%2Fwp%2Fv2%2Ftags&post=66121"}],"curies":[{"name":"wp","href":"https:\/\/api.w.org\/{rel}","templated":true}]}}