{"id":66120,"date":"2012-03-09T17:37:11","date_gmt":"2012-03-09T17:37:11","guid":{"rendered":"http:\/\/diariodominicano.ddns.net\/?p=66120"},"modified":"2012-03-09T17:37:11","modified_gmt":"2012-03-09T17:37:11","slug":"bajo-mi-sombrilla-y-documental-el-lado-locamente-talentoso-de-la-bipolaridad","status":"publish","type":"post","link":"https:\/\/diariodominicano.com\/?p=66120","title":{"rendered":"Bajo mi sombrilla y documental El lado \u00ablocamente talentoso\u00bb de la bipolaridad&#13;"},"content":{"rendered":"<p><body><\/p>\n<p><img decoding=\"async\" src=\"img3\/BajoMiSombrilla RedesSociales.JPG\" \/><br \/><img decoding=\"async\" src=\"img3\/BajoMiSombrilla afiche.JPG\" \/>  <\/p>\n<p><span class=\"text1noticias\">01:40 pm Santo Domingo, RD, 9 marzo.-  El patio espa\u00f1ol del Museo de Arte Moderno (MAM) ser\u00e1 el escenario para la presentaci\u00f3n de la exposici\u00f3n colectiva \u00abBajo mi Sombrilla\u00bb y el documental Madly Gifted  (Locamente Talentosos) que retrata el lado desconocido de la bipolaridad, en un acto que se llevar\u00e1 a cabo el pr\u00f3ximo 14 de marzo, a las 7:00 de la noche.<\/span><\/p>\n<\/p>\n<p><span class=\"text1noticias\">La actividad que contar\u00e1 en su apertura con el presidente de la Asociaci\u00f3n Dominicana de Psiquiatr\u00eda, el doctor Miguel G\u00f3mez, es una iniciativa de la dise\u00f1adora gr\u00e1fica y documentalista dominicana, radica en Nueva York, Gigi Polo, en colaboraci\u00f3n con el Colectivo Biling\u00fce  formado por Zoilo Pimentel y Paolat de la Cruz.<\/span><\/p>\n<p><span class=\"text1noticias\">\t<\/span><\/p>\n<p><span class=\"text1noticias\">La exposici\u00f3n colectiva Bajo mi Sombrilla, explora la relaci\u00f3n entre el trastorno bipolar y el talento art\u00edstico, reuniendo de esta forma a un n\u00famero de reconocidos artistas dominicanos de varias disciplinas, los cuales intervendr\u00e1n cada uno una sombrilla; esta exposici\u00f3n servir\u00e1 de soporte al estreno del citado documental de Gigi Polo.<\/span><\/p>\n<\/p>\n<p><span class=\"text1noticias\">Para esta exposici\u00f3n, el Colectivo Biling\u00fce seleccion\u00f3 artistas de gran envergadura como Ezequiel Taveras, Pascal Meccariello, Picnic y El\u00edas Roedan, adem\u00e1s de otros j\u00f3venes como con una interesante trayectoria dentro de su arte y algunos premios de bienal, como: Leticia Ceballos, Citlally Miranda, Mabel Manzano, Jos\u00e9 Pi\u00f3n y Pancho Rodr\u00edguez; y el dise\u00f1ador de moda Carlos Frank Then.<\/span><\/p>\n<\/p>\n<p><span class=\"text1noticias\">Cada uno de los artistas ha plasmado en una sombrilla su forma de ver la bipolaridad y el temperamento art\u00edstico<\/span>.<\/p>\n<h6> 2012-03-09 17:37:11 <\/h6>\n<p><!--\n<link rel=\"stylesheet\" href=\"css\/bootstrap.min.css\">\n\n\n<ul class=\"pagination\">\n\t    \n\t\n\n<li >\n\t<a href='?page_no=17797'>Previous<\/a>\n\t<\/li>\n\n\n       \n    \n\n<li><a href='?page_no=1'>1<\/a><\/li>\n\n\n\n<li><a href='?page_no=2'>2<\/a><\/li>\n\n\n\n<li><a>...<\/a><\/li>\n\n\n\n<li><a href='?page_no=17796'>17796<\/a><\/li>\n\n\n\n<li><a href='?page_no=17797'>17797<\/a><\/li>\n\n\n\n<li class='active'><a>17798<\/a><\/li>\n\n\n\n<li><a href='?page_no=17799'>17799<\/a><\/li>\n\n\n\n<li><a href='?page_no=17800'>17800<\/a><\/li>\n\n\n\n<li><a>...<\/a><\/li>\n\n\n\n<li><a href='?page_no=22911'>22911<\/a><\/li>\n\n\n\n<li><a href='?page_no=22912'>22912<\/a><\/li>\n\n    \n\t\n\n<li >\n\t<a href='?page_no=17799'>Next<\/a>\n\t<\/li>\n\n\n    \n\n<li><a href='?page_no=22912'>Last &rsaquo;&rsaquo;<\/a><\/li>\n\n<\/ul>\n\n\n--><br \/>\n<\/body><\/p>\n","protected":false},"excerpt":{"rendered":"<p>01:40 pm Santo Domingo, RD, 9 marzo.- El patio espa\u00f1ol del Museo de Arte Moderno (MAM) ser\u00e1 el escenario para la presentaci\u00f3n de la exposici\u00f3n colectiva \u00abBajo mi Sombrilla\u00bb y el documental Madly Gifted (Locamente Talentosos) que retrata el lado desconocido de la bipolaridad, en un acto que se llevar\u00e1 a cabo el pr\u00f3ximo 14 [&hellip;]<\/p>\n","protected":false},"author":3,"featured_media":0,"comment_status":"open","ping_status":"open","sticky":false,"template":"","format":"standard","meta":{"footnotes":""},"categories":[21],"tags":[],"class_list":["post-66120","post","type-post","status-publish","format-standard","hentry","category-cultura"],"_links":{"self":[{"href":"https:\/\/diariodominicano.com\/index.php?rest_route=\/wp\/v2\/posts\/66120","targetHints":{"allow":["GET"]}}],"collection":[{"href":"https:\/\/diariodominicano.com\/index.php?rest_route=\/wp\/v2\/posts"}],"about":[{"href":"https:\/\/diariodominicano.com\/index.php?rest_route=\/wp\/v2\/types\/post"}],"author":[{"embeddable":true,"href":"https:\/\/diariodominicano.com\/index.php?rest_route=\/wp\/v2\/users\/3"}],"replies":[{"embeddable":true,"href":"https:\/\/diariodominicano.com\/index.php?rest_route=%2Fwp%2Fv2%2Fcomments&post=66120"}],"version-history":[{"count":0,"href":"https:\/\/diariodominicano.com\/index.php?rest_route=\/wp\/v2\/posts\/66120\/revisions"}],"wp:attachment":[{"href":"https:\/\/diariodominicano.com\/index.php?rest_route=%2Fwp%2Fv2%2Fmedia&parent=66120"}],"wp:term":[{"taxonomy":"category","embeddable":true,"href":"https:\/\/diariodominicano.com\/index.php?rest_route=%2Fwp%2Fv2%2Fcategories&post=66120"},{"taxonomy":"post_tag","embeddable":true,"href":"https:\/\/diariodominicano.com\/index.php?rest_route=%2Fwp%2Fv2%2Ftags&post=66120"}],"curies":[{"name":"wp","href":"https:\/\/api.w.org\/{rel}","templated":true}]}}