{"id":66119,"date":"2012-03-09T19:30:37","date_gmt":"2012-03-09T19:30:37","guid":{"rendered":"http:\/\/diariodominicano.ddns.net\/?p=66119"},"modified":"2012-03-09T19:30:37","modified_gmt":"2012-03-09T19:30:37","slug":"ministerio-cultura-conmemora-195-anos-natalicio-francisco-del-rosario-sanchez","status":"publish","type":"post","link":"https:\/\/diariodominicano.com\/?p=66119","title":{"rendered":"&#13;&#13;&#13;Ministerio Cultura conmemora 195 a\u00f1os Natalicio Francisco del Rosario S\u00e1nchez"},"content":{"rendered":"<p><body><\/p>\n<p><img decoding=\"async\" src=\"img3\/natalicio rosario sanchez 1.JPG\" \/><br \/><img decoding=\"async\" src=\"img3\/natalicio rosario sanchez 2.JPG\" \/>  <\/p>\n<p><span class=\"text1noticias\">SANTO DOMINGO, 09 Mar 2012(03:19pm).-Con la puesta en escena de una interesante obra  teatral de car\u00e1cter hist\u00f3rico titulada \u00abDuarte, Fundador de una Rep\u00fablica\u00bb, el Ministerio de Cultura, MINC conmemor\u00f3 el 195 aniversario del  Natalicio del pr\u00f3cer  Francisco del Rosario S\u00e1nchez.<\/span><\/p>\n<\/p>\n<p><span class=\"text1noticias\">La obra, cuyo contenido versa sobre  los hechos hist\u00f3ricos  que trajeron como consecuencia el grito de la independencia, el 27 de febrero de 1844,   es de la autor\u00eda del actor  Franklin Dom\u00ednguez, bajo la direcci\u00f3n, adaptaci\u00f3n y producci\u00f3n de la actriz Carlota Carretero.<\/span><\/p>\n<\/p>\n<p><span class=\"text1noticias\">La actividad, realizada en el lobby del MINC, estuvo presidida por  el Viceministro de Desarrollo Institucional,  Mateo Morrison, les acompa\u00f1aron la  licenciada Rosa Elena Rodr\u00edguez,  Directora General de Formaci\u00f3n y Capacitaci\u00f3n y la profesora Ondina Matos, Directora de la Compa\u00f1\u00eda Lirica Nacional.   <\/span><\/p>\n<\/p>\n<p><span class=\"text1noticias\">El acto inici\u00f3 con la intervenci\u00f3n, Morrison, quien explic\u00f3  que durante la ausencia del Patricio Juan Pablo Duarte, su compa\u00f1ero de lucha Francisco del Rosario S\u00e1nchez, se constituy\u00f3 en el segundo l\u00edder de la sociedad Secreta La Trinitaria ,  para dar continuidad al proyecto independentista en busca de la libertad  de  la Rep\u00fablica Dominicana.    <\/span><\/p>\n<\/p>\n<p><span class=\"text1noticias\">Acto seguido, los cantantes liricos Modesto Acosta, Otilio Castro, Vivian Lovelace y Ondina  Matos, interpretaron  la nota del Himno Nacional; as\u00ed como la canci\u00f3n titulada \u00abTu memoria perdurar\u00e1\u00bb.<\/span><\/p>\n<\/p>\n<p><span class=\"text1noticias\">Luego de concluida la canci\u00f3n titulada \u00abQuisqueya\u00bb  en la voz del cantante Otilio Castyro, el acto concluyo con la lectura del Juramento Trinitario,  a cargo del elenco de actores del Teatro Rodante, y de la representaci\u00f3n de empleados que laboran en los diferentes departamentos dl MINC.   <\/span><\/p>\n<\/p>\n<p><strong><em><u><span class=\"text1noticias\">Francisco del Rosario S\u00e1nchez<\/span><\/u><\/em><\/strong><\/p>\n<\/p>\n<p><span class=\"text1noticias\">Naci\u00f3 en Santo Domingo el 9 de marzo de 1817 y muri\u00f3 fusilado el d\u00eda 4 de julio de 1961 en el Cementerio de San Juan de la Maguana, por \u00f3rdenes del presidente Pedro Santana  <\/span><\/p>\n<\/p>\n<\/p>\n<h6> 2012-03-09 19:30:37 <\/h6>\n<p><!--\n<link rel=\"stylesheet\" href=\"css\/bootstrap.min.css\">\n\n\n<ul class=\"pagination\">\n\t    \n\t\n\n<li >\n\t<a href='?page_no=17796'>Previous<\/a>\n\t<\/li>\n\n\n       \n    \n\n<li><a href='?page_no=1'>1<\/a><\/li>\n\n\n\n<li><a href='?page_no=2'>2<\/a><\/li>\n\n\n\n<li><a>...<\/a><\/li>\n\n\n\n<li><a href='?page_no=17795'>17795<\/a><\/li>\n\n\n\n<li><a href='?page_no=17796'>17796<\/a><\/li>\n\n\n\n<li class='active'><a>17797<\/a><\/li>\n\n\n\n<li><a href='?page_no=17798'>17798<\/a><\/li>\n\n\n\n<li><a href='?page_no=17799'>17799<\/a><\/li>\n\n\n\n<li><a>...<\/a><\/li>\n\n\n\n<li><a href='?page_no=22911'>22911<\/a><\/li>\n\n\n\n<li><a href='?page_no=22912'>22912<\/a><\/li>\n\n    \n\t\n\n<li >\n\t<a href='?page_no=17798'>Next<\/a>\n\t<\/li>\n\n\n    \n\n<li><a href='?page_no=22912'>Last &rsaquo;&rsaquo;<\/a><\/li>\n\n<\/ul>\n\n\n--><br \/>\n<\/body><\/p>\n","protected":false},"excerpt":{"rendered":"<p>SANTO DOMINGO, 09 Mar 2012(03:19pm).-Con la puesta en escena de una interesante obra teatral de car\u00e1cter hist\u00f3rico titulada \u00abDuarte, Fundador de una Rep\u00fablica\u00bb, el Ministerio de Cultura, MINC conmemor\u00f3 el 195 aniversario del Natalicio del pr\u00f3cer Francisco del Rosario S\u00e1nchez. La obra, cuyo contenido versa sobre los hechos hist\u00f3ricos que trajeron como consecuencia el grito [&hellip;]<\/p>\n","protected":false},"author":3,"featured_media":0,"comment_status":"open","ping_status":"open","sticky":false,"template":"","format":"standard","meta":{"footnotes":""},"categories":[21],"tags":[],"class_list":["post-66119","post","type-post","status-publish","format-standard","hentry","category-cultura"],"_links":{"self":[{"href":"https:\/\/diariodominicano.com\/index.php?rest_route=\/wp\/v2\/posts\/66119","targetHints":{"allow":["GET"]}}],"collection":[{"href":"https:\/\/diariodominicano.com\/index.php?rest_route=\/wp\/v2\/posts"}],"about":[{"href":"https:\/\/diariodominicano.com\/index.php?rest_route=\/wp\/v2\/types\/post"}],"author":[{"embeddable":true,"href":"https:\/\/diariodominicano.com\/index.php?rest_route=\/wp\/v2\/users\/3"}],"replies":[{"embeddable":true,"href":"https:\/\/diariodominicano.com\/index.php?rest_route=%2Fwp%2Fv2%2Fcomments&post=66119"}],"version-history":[{"count":0,"href":"https:\/\/diariodominicano.com\/index.php?rest_route=\/wp\/v2\/posts\/66119\/revisions"}],"wp:attachment":[{"href":"https:\/\/diariodominicano.com\/index.php?rest_route=%2Fwp%2Fv2%2Fmedia&parent=66119"}],"wp:term":[{"taxonomy":"category","embeddable":true,"href":"https:\/\/diariodominicano.com\/index.php?rest_route=%2Fwp%2Fv2%2Fcategories&post=66119"},{"taxonomy":"post_tag","embeddable":true,"href":"https:\/\/diariodominicano.com\/index.php?rest_route=%2Fwp%2Fv2%2Ftags&post=66119"}],"curies":[{"name":"wp","href":"https:\/\/api.w.org\/{rel}","templated":true}]}}