{"id":66118,"date":"2012-03-09T20:13:06","date_gmt":"2012-03-09T20:13:06","guid":{"rendered":"http:\/\/diariodominicano.ddns.net\/?p=66118"},"modified":"2012-03-09T20:13:06","modified_gmt":"2012-03-09T20:13:06","slug":"anuncian-el-carnaval-de-villa-gonzalez","status":"publish","type":"post","link":"https:\/\/diariodominicano.com\/?p=66118","title":{"rendered":"Anuncian el carnaval de Villa Gonz\u00e1lez"},"content":{"rendered":"<p><body><\/p>\n<p><span class=\"text1noticias\">Villa G\u00f3nzalez, RD 9 marzo (4:10 pm).- Con una nutrida participaci\u00f3n de grupos, comparsas y personajes tradicionales, se dar\u00e1 inicio al carnaval Villa Gonz\u00e1lez 2012, seg\u00fan inform\u00f3 el comit\u00e9 organizador.<\/span><\/p>\n<\/p>\n<p><span class=\"text1noticias\">En rueda de prensa celebrada en el sal\u00f3n multi uso del Ayuntamiento de esta localidad, la Uni\u00f3n Carnavalesca de Villa Gonz\u00e1lez (UCAVIG), inform\u00f3 que el mismo se iniciar\u00e1 este s\u00e1bado 3 de abril, con un triangular de sofboll, con jugadores de los diferentes grupos que participar\u00e1n en el carnaval, y un DJ, en tarima amenizando el ambiente durante toda la noche.<\/span><\/p>\n<\/p>\n<p><span class=\"text1noticias\">El domingo 4 ser\u00e1 la apertura oficial de este carnaval con la presentaci\u00f3n del afamado grupo t\u00edpico URBANDA, en tarima,  a nombre del Ayuntamiento Municipal.<\/span><\/p>\n<\/p>\n<p><span class=\"text1noticias\">El Carnaval \u00abVilla Gonz\u00e1lez 2012\u00bb cuenta con una nueva particularidad, y es que anteriormente se escog\u00eda una reyna, mientras que ahora fue escogido un rey como en la mayor\u00eda de los carnavales que se celebran en el pa\u00eds.<\/span><\/p>\n<\/p>\n<p><span class=\"text1noticias\">El Rey Momo lo encarna el alcalde Fabio Banegas, siendo esta decisi\u00f3n tomada en conjunto por los miembros de UCAVIG.<\/span><\/p>\n<\/p>\n<p><span class=\"text1noticias\">El carnaval se celebrar\u00e1 todos los domingos en el \u00e1rea perimetral que comprende el Estadio de Sofboll \u00abCuco Pe\u00f1a\u00bb. Habr\u00e1n presentaciones art\u00edsticas y animaci\u00f3n en vivo para el disfrute del p\u00fablico, seg\u00fan inform\u00f3 la encargada de Comercializaci\u00f3n y Eventos, Aides Batista.<\/span><\/p>\n<\/p>\n<p><span class=\"text1noticias\">Adem\u00e1s de los grupos nativos que desfilar\u00e1n en este vistoso carnaval, el comit\u00e9 organizador espera las visitas de connotados grupos de los diferentes pueblos aleda\u00f1os como; Bonao, Puerto Plata, La Vega, Navarrete, Moca, Mao, Esperanza,entre otros.<\/span><\/p>\n<\/p>\n<p><span class=\"text1noticias\">Este carnaval cuenta con el apoyo general del departamento de Cultura del Ayuntamiento que dirige Mari N\u00fa\u00f1ez y el patrocinio de La Tabacalera S.A,Brugal y Compa\u00f1\u00eda, Tabaco Caf\u00e9, Tabadom y Cerveza Presidente. Adem\u00e1s de la firme colaboraci\u00f3n de instituciones como la Polic\u00eda Nacional,Los Bomberos, Defensa Civil, Polic\u00eda Municipal, La Academia de entrenamiento para Socorros y Desastres, Cruz Rojas entre otas<\/span>. <\/p>\n<\/p>\n<\/p>\n<h6> 2012-03-09 20:13:06 <\/h6>\n<p><!--\n<link rel=\"stylesheet\" href=\"css\/bootstrap.min.css\">\n\n\n<ul class=\"pagination\">\n\t    \n\t\n\n<li >\n\t<a href='?page_no=17795'>Previous<\/a>\n\t<\/li>\n\n\n       \n    \n\n<li><a href='?page_no=1'>1<\/a><\/li>\n\n\n\n<li><a href='?page_no=2'>2<\/a><\/li>\n\n\n\n<li><a>...<\/a><\/li>\n\n\n\n<li><a href='?page_no=17794'>17794<\/a><\/li>\n\n\n\n<li><a href='?page_no=17795'>17795<\/a><\/li>\n\n\n\n<li class='active'><a>17796<\/a><\/li>\n\n\n\n<li><a href='?page_no=17797'>17797<\/a><\/li>\n\n\n\n<li><a href='?page_no=17798'>17798<\/a><\/li>\n\n\n\n<li><a>...<\/a><\/li>\n\n\n\n<li><a href='?page_no=22911'>22911<\/a><\/li>\n\n\n\n<li><a href='?page_no=22912'>22912<\/a><\/li>\n\n    \n\t\n\n<li >\n\t<a href='?page_no=17797'>Next<\/a>\n\t<\/li>\n\n\n    \n\n<li><a href='?page_no=22912'>Last &rsaquo;&rsaquo;<\/a><\/li>\n\n<\/ul>\n\n\n--><br \/>\n<\/body><\/p>\n","protected":false},"excerpt":{"rendered":"<p>Villa G\u00f3nzalez, RD 9 marzo (4:10 pm).- Con una nutrida participaci\u00f3n de grupos, comparsas y personajes tradicionales, se dar\u00e1 inicio al carnaval Villa Gonz\u00e1lez 2012, seg\u00fan inform\u00f3 el comit\u00e9 organizador. En rueda de prensa celebrada en el sal\u00f3n multi uso del Ayuntamiento de esta localidad, la Uni\u00f3n Carnavalesca de Villa Gonz\u00e1lez (UCAVIG), inform\u00f3 que el [&hellip;]<\/p>\n","protected":false},"author":3,"featured_media":0,"comment_status":"open","ping_status":"open","sticky":false,"template":"","format":"standard","meta":{"footnotes":""},"categories":[21],"tags":[],"class_list":["post-66118","post","type-post","status-publish","format-standard","hentry","category-cultura"],"_links":{"self":[{"href":"https:\/\/diariodominicano.com\/index.php?rest_route=\/wp\/v2\/posts\/66118","targetHints":{"allow":["GET"]}}],"collection":[{"href":"https:\/\/diariodominicano.com\/index.php?rest_route=\/wp\/v2\/posts"}],"about":[{"href":"https:\/\/diariodominicano.com\/index.php?rest_route=\/wp\/v2\/types\/post"}],"author":[{"embeddable":true,"href":"https:\/\/diariodominicano.com\/index.php?rest_route=\/wp\/v2\/users\/3"}],"replies":[{"embeddable":true,"href":"https:\/\/diariodominicano.com\/index.php?rest_route=%2Fwp%2Fv2%2Fcomments&post=66118"}],"version-history":[{"count":0,"href":"https:\/\/diariodominicano.com\/index.php?rest_route=\/wp\/v2\/posts\/66118\/revisions"}],"wp:attachment":[{"href":"https:\/\/diariodominicano.com\/index.php?rest_route=%2Fwp%2Fv2%2Fmedia&parent=66118"}],"wp:term":[{"taxonomy":"category","embeddable":true,"href":"https:\/\/diariodominicano.com\/index.php?rest_route=%2Fwp%2Fv2%2Fcategories&post=66118"},{"taxonomy":"post_tag","embeddable":true,"href":"https:\/\/diariodominicano.com\/index.php?rest_route=%2Fwp%2Fv2%2Ftags&post=66118"}],"curies":[{"name":"wp","href":"https:\/\/api.w.org\/{rel}","templated":true}]}}