{"id":66117,"date":"2012-03-09T21:00:42","date_gmt":"2012-03-09T21:00:42","guid":{"rendered":"http:\/\/diariodominicano.ddns.net\/?p=66117"},"modified":"2012-03-09T21:00:42","modified_gmt":"2012-03-09T21:00:42","slug":"conservatorio-nacional-de-musica-la-cenicienta-del-pais","status":"publish","type":"post","link":"https:\/\/diariodominicano.com\/?p=66117","title":{"rendered":"Conservatorio Nacional de M\u00fasica la Cenicienta del pa\u00eds"},"content":{"rendered":"<p><body><\/p>\n<p><span class=\"text1noticias\">Santo Domingo, RD 9 marzo (4:57 pm).- El Conservatorio Nacional de M\u00fasica es la m\u00e1s especializada instituci\u00f3n musical  del pa\u00eds, y no obstante, la academia no puede ofrecer a sus estudiantes el anhelado t\u00edtulo de Licenciatura en M\u00fasica debido a que no imparte las materias human\u00edsticas, s\u00ed contempladas en el pensum universitario.<\/span><\/p>\n<\/p>\n<p><span class=\"text1noticias\">Esto podr\u00eda resolverse mediante un acuerdo con la Universidad Aut\u00f3noma de Santo Domingo y dem\u00e1s universidades, como es usual en otros pa\u00edses con instituciones de la misma \u00edndole (por ejemplo el Conservatorio de M\u00fasica de Puerto Rico).<\/span><\/p>\n<\/p>\n<p><span class=\"text1noticias\">Sin embargo hasta el momento no se observa ning\u00fan inter\u00e9s de las autoridades para ofrecer la titulaci\u00f3n a los j\u00f3venes m\u00fasicos del Conservatorio, opinan estudiantes y profesores del centro.<\/span><\/p>\n<\/p>\n<p><span class=\"text1noticias\">El CNM, a pesar de ser una instituci\u00f3n educativa y no de difusi\u00f3n, est\u00e1 supeditado al Ministerio de Cultura desde el a\u00f1o 2000, se explic\u00f3. Dada su naturaleza formativa deber\u00eda pertenecer al Ministerio de Educaci\u00f3n. Este error administrativo complica a\u00fan m\u00e1s las cosas.<\/span><\/p>\n<\/p>\n<p><span class=\"text1noticias\">La variedad de mejoras realizadas en materia de educaci\u00f3n no han beneficiado al CNM, pues se encuentra en el \u00abministerio equivocado\u00bb, indicaron los consultados.<\/span><\/p>\n<\/p>\n<p><span class=\"text1noticias\">Esta situaci\u00f3n afecta a muchos de sus estudiantes a quienes sus padres les exigen una carrera universitaria, con la salvedad de que la m\u00fasica exige mucha disciplina, esfuerzo y tiempo a quienes se dedican a ella.<\/span><\/p>\n<\/p>\n<p><span class=\"text1noticias\">M\u00fasicos como peloteros<\/span><\/p>\n<p><span class=\"text1noticias\">\u00abHasta que no nos tomen en serio y piensen que somos una escuelita de clase de tarde, como las de ballet o  tae kwon do, vamos a seguir cogiendo lucha\u00bb, manifest\u00f3 Remy Taveras, profesor de percusi\u00f3n y director de la Orquesta de Jazz.  <\/span><\/p>\n<\/p>\n<p><span class=\"text1noticias\">Adem\u00e1s agreg\u00f3: \u00abDeber\u00edamos estar exportando tantos m\u00fasicos como peloteros. Aqu\u00ed hay una mata de talento\u00bb. Este profesor, como tantos otros, considera que el Gobierno deber\u00eda hacer una mayor inversi\u00f3n en el Conservatorio.<\/span><\/p>\n<\/p>\n<p><span class=\"text1noticias\">Se\u00f1al\u00f3 las dificultades econ\u00f3micas que afrontan sus estudiantes m\u00e1s pobres, a pesar del car\u00e1cter gratuito de los estudios en el CNM. Muchos de ellos, asegur\u00f3, a veces faltan porque no tienen el dinero suficiente para un pasaje. <\/span><\/p>\n<\/p>\n<p><span class=\"text1noticias\">(+)<\/span><\/p>\n<p><span class=\"text1noticias\">ORQUESTA SINF\u00d3NICA JUAN PABLO DUARTE<\/span><\/p>\n<p><span class=\"text1noticias\">Creada en octubre de 1993 la Orquesta Sinf\u00f3nica Juan Pablo Duarte es la congregaci\u00f3n de los j\u00f3venes instrumentistas sinf\u00f3nicos del CNM. Su actual director es Dante Cucurullo. Tiene alredor de 56 m\u00fasicos. La mayor\u00eda de estos j\u00f3venes ir\u00e1 luego a la Orquesta Sinf\u00f3nica Nacional. La satisfacci\u00f3n de Dante es \u00abcuando llegan y siguen estudiando\u00bb.<\/span><\/p>\n<\/p>\n<p><span class=\"text1noticias\">\u00abCuando uno prepara los m\u00fasicos nuestros es para que salgan a proyectar la cultura dominicana\u00bb, dice con \u00e9nfasis. El proximo 22 de marzo da apertura a la \u00abTemporada Manuel Sim\u00f3\u00bb, con 6 magistrales conciertos preparados por la orquesta, con \u00abJazz y Rock Sinf\u00f3nico\u00bb<\/span>.<\/p>\n<h6> 2012-03-09 21:00:42 <\/h6>\n<p><!--\n<link rel=\"stylesheet\" href=\"css\/bootstrap.min.css\">\n\n\n<ul class=\"pagination\">\n\t    \n\t\n\n<li >\n\t<a href='?page_no=17794'>Previous<\/a>\n\t<\/li>\n\n\n       \n    \n\n<li><a href='?page_no=1'>1<\/a><\/li>\n\n\n\n<li><a href='?page_no=2'>2<\/a><\/li>\n\n\n\n<li><a>...<\/a><\/li>\n\n\n\n<li><a href='?page_no=17793'>17793<\/a><\/li>\n\n\n\n<li><a href='?page_no=17794'>17794<\/a><\/li>\n\n\n\n<li class='active'><a>17795<\/a><\/li>\n\n\n\n<li><a href='?page_no=17796'>17796<\/a><\/li>\n\n\n\n<li><a href='?page_no=17797'>17797<\/a><\/li>\n\n\n\n<li><a>...<\/a><\/li>\n\n\n\n<li><a href='?page_no=22911'>22911<\/a><\/li>\n\n\n\n<li><a href='?page_no=22912'>22912<\/a><\/li>\n\n    \n\t\n\n<li >\n\t<a href='?page_no=17796'>Next<\/a>\n\t<\/li>\n\n\n    \n\n<li><a href='?page_no=22912'>Last &rsaquo;&rsaquo;<\/a><\/li>\n\n<\/ul>\n\n\n--><br \/>\n<\/body><\/p>\n","protected":false},"excerpt":{"rendered":"<p>Santo Domingo, RD 9 marzo (4:57 pm).- El Conservatorio Nacional de M\u00fasica es la m\u00e1s especializada instituci\u00f3n musical del pa\u00eds, y no obstante, la academia no puede ofrecer a sus estudiantes el anhelado t\u00edtulo de Licenciatura en M\u00fasica debido a que no imparte las materias human\u00edsticas, s\u00ed contempladas en el pensum universitario. Esto podr\u00eda resolverse [&hellip;]<\/p>\n","protected":false},"author":3,"featured_media":0,"comment_status":"open","ping_status":"open","sticky":false,"template":"","format":"standard","meta":{"footnotes":""},"categories":[21],"tags":[],"class_list":["post-66117","post","type-post","status-publish","format-standard","hentry","category-cultura"],"_links":{"self":[{"href":"https:\/\/diariodominicano.com\/index.php?rest_route=\/wp\/v2\/posts\/66117","targetHints":{"allow":["GET"]}}],"collection":[{"href":"https:\/\/diariodominicano.com\/index.php?rest_route=\/wp\/v2\/posts"}],"about":[{"href":"https:\/\/diariodominicano.com\/index.php?rest_route=\/wp\/v2\/types\/post"}],"author":[{"embeddable":true,"href":"https:\/\/diariodominicano.com\/index.php?rest_route=\/wp\/v2\/users\/3"}],"replies":[{"embeddable":true,"href":"https:\/\/diariodominicano.com\/index.php?rest_route=%2Fwp%2Fv2%2Fcomments&post=66117"}],"version-history":[{"count":0,"href":"https:\/\/diariodominicano.com\/index.php?rest_route=\/wp\/v2\/posts\/66117\/revisions"}],"wp:attachment":[{"href":"https:\/\/diariodominicano.com\/index.php?rest_route=%2Fwp%2Fv2%2Fmedia&parent=66117"}],"wp:term":[{"taxonomy":"category","embeddable":true,"href":"https:\/\/diariodominicano.com\/index.php?rest_route=%2Fwp%2Fv2%2Fcategories&post=66117"},{"taxonomy":"post_tag","embeddable":true,"href":"https:\/\/diariodominicano.com\/index.php?rest_route=%2Fwp%2Fv2%2Ftags&post=66117"}],"curies":[{"name":"wp","href":"https:\/\/api.w.org\/{rel}","templated":true}]}}