{"id":66116,"date":"2012-03-10T17:09:19","date_gmt":"2012-03-10T17:09:19","guid":{"rendered":"http:\/\/diariodominicano.ddns.net\/?p=66116"},"modified":"2012-03-10T17:09:19","modified_gmt":"2012-03-10T17:09:19","slug":"reeligen-actuario-dominicano-en-la-onu","status":"publish","type":"post","link":"https:\/\/diariodominicano.com\/?p=66116","title":{"rendered":"Reeligen Actuario Dominicano en la ONU"},"content":{"rendered":"<p><body><\/p>\n<p><span class=\"text1noticias\">Rep.Dom, 10 de Marzo, 01:13 P.M.-El Secretario General de la ONU, Ban Ki-Moon reeligi\u00f3 al actuario dominicano Hernando P\u00e9rez Mont\u00e1s, como Miembro Titular del Comit\u00e9 de Actuarios de la ONU.<\/span><\/p>\n<\/p>\n<p><span class=\"text1noticias\">El nuevo miembro representar\u00e1 a los Estados de Am\u00e9rica Latina y el Caribe (ALC) para el a\u00f1o 2012, seg\u00fan recomendaci\u00f3n del Consejo de Pensiones, en su \u00faltima sesi\u00f3n celebrada recientemente en Ginebra, Suiza.<\/span><\/p>\n<\/p>\n<p><span class=\"text1noticias\">El acto estuvo compuesto por  El Comit\u00e9 de actuarios,  otros cuatro miembros del Canad\u00e1, Jap\u00f3n, Rep\u00fablica Checa e Isla Mauricio, en representaci\u00f3n de las dem\u00e1s regiones mundiales.<\/span><\/p>\n<\/p>\n<p><span class=\"text1noticias\">Este a su vez  asesorar\u00e1 al Consejo de Pensiones sobre cuestiones actuariales del Fondo de Pensiones, quien formula recomendaciones a la Asamblea General de la ONU.<\/span><\/p>\n<\/p>\n<p><span class=\"text1noticias\">El actuario P\u00e9rez Mont\u00e1s preside una de las m\u00e1s prestigiosas firmas consultoras en el pa\u00eds,  y a  varios  jefes de gobiernos de la regi\u00f3n en cuestiones actuariales<\/span>.<\/p>\n<h6> 2012-03-10 17:09:19 <\/h6>\n<p><!--\n<link rel=\"stylesheet\" href=\"css\/bootstrap.min.css\">\n\n\n<ul class=\"pagination\">\n\t    \n\t\n\n<li >\n\t<a href='?page_no=17793'>Previous<\/a>\n\t<\/li>\n\n\n       \n    \n\n<li><a href='?page_no=1'>1<\/a><\/li>\n\n\n\n<li><a href='?page_no=2'>2<\/a><\/li>\n\n\n\n<li><a>...<\/a><\/li>\n\n\n\n<li><a href='?page_no=17792'>17792<\/a><\/li>\n\n\n\n<li><a href='?page_no=17793'>17793<\/a><\/li>\n\n\n\n<li class='active'><a>17794<\/a><\/li>\n\n\n\n<li><a href='?page_no=17795'>17795<\/a><\/li>\n\n\n\n<li><a href='?page_no=17796'>17796<\/a><\/li>\n\n\n\n<li><a>...<\/a><\/li>\n\n\n\n<li><a href='?page_no=22911'>22911<\/a><\/li>\n\n\n\n<li><a href='?page_no=22912'>22912<\/a><\/li>\n\n    \n\t\n\n<li >\n\t<a href='?page_no=17795'>Next<\/a>\n\t<\/li>\n\n\n    \n\n<li><a href='?page_no=22912'>Last &rsaquo;&rsaquo;<\/a><\/li>\n\n<\/ul>\n\n\n--><br \/>\n<\/body><\/p>\n","protected":false},"excerpt":{"rendered":"<p>Rep.Dom, 10 de Marzo, 01:13 P.M.-El Secretario General de la ONU, Ban Ki-Moon reeligi\u00f3 al actuario dominicano Hernando P\u00e9rez Mont\u00e1s, como Miembro Titular del Comit\u00e9 de Actuarios de la ONU. El nuevo miembro representar\u00e1 a los Estados de Am\u00e9rica Latina y el Caribe (ALC) para el a\u00f1o 2012, seg\u00fan recomendaci\u00f3n del Consejo de Pensiones, en [&hellip;]<\/p>\n","protected":false},"author":3,"featured_media":0,"comment_status":"open","ping_status":"open","sticky":false,"template":"","format":"standard","meta":{"footnotes":""},"categories":[21],"tags":[],"class_list":["post-66116","post","type-post","status-publish","format-standard","hentry","category-cultura"],"_links":{"self":[{"href":"https:\/\/diariodominicano.com\/index.php?rest_route=\/wp\/v2\/posts\/66116","targetHints":{"allow":["GET"]}}],"collection":[{"href":"https:\/\/diariodominicano.com\/index.php?rest_route=\/wp\/v2\/posts"}],"about":[{"href":"https:\/\/diariodominicano.com\/index.php?rest_route=\/wp\/v2\/types\/post"}],"author":[{"embeddable":true,"href":"https:\/\/diariodominicano.com\/index.php?rest_route=\/wp\/v2\/users\/3"}],"replies":[{"embeddable":true,"href":"https:\/\/diariodominicano.com\/index.php?rest_route=%2Fwp%2Fv2%2Fcomments&post=66116"}],"version-history":[{"count":0,"href":"https:\/\/diariodominicano.com\/index.php?rest_route=\/wp\/v2\/posts\/66116\/revisions"}],"wp:attachment":[{"href":"https:\/\/diariodominicano.com\/index.php?rest_route=%2Fwp%2Fv2%2Fmedia&parent=66116"}],"wp:term":[{"taxonomy":"category","embeddable":true,"href":"https:\/\/diariodominicano.com\/index.php?rest_route=%2Fwp%2Fv2%2Fcategories&post=66116"},{"taxonomy":"post_tag","embeddable":true,"href":"https:\/\/diariodominicano.com\/index.php?rest_route=%2Fwp%2Fv2%2Ftags&post=66116"}],"curies":[{"name":"wp","href":"https:\/\/api.w.org\/{rel}","templated":true}]}}