{"id":66115,"date":"2012-03-10T18:22:23","date_gmt":"2012-03-10T18:22:23","guid":{"rendered":"http:\/\/diariodominicano.ddns.net\/?p=66115"},"modified":"2012-03-10T18:22:23","modified_gmt":"2012-03-10T18:22:23","slug":"recuerdan-natalicio-195-de-francisco-del-rosario-sanchez","status":"publish","type":"post","link":"https:\/\/diariodominicano.com\/?p=66115","title":{"rendered":"Recuerdan natalicio 195 de Francisco del Rosario S\u00e1nchez"},"content":{"rendered":"<p><body><\/p>\n<p><img decoding=\"async\" src=\"img3\/efimeride.JPG\" \/>  <\/p>\n<p><span class=\"text1noticias\">Rep.Dom, 10 de Marzo 02:27 P.M.La Comisi\u00f3n Permanente de Efem\u00e9rides Patrias, las Fuerzas Armadas y estudiantes rindieron homenaje a Francisco del Rosario S\u00e1nchez, padre de la patria, con motivo del 195 Aniversario de su nacimiento en San Juan de la Maguana.<\/span><\/p>\n<\/p>\n<p><span class=\"text1noticias\">Francisco del Rosario S\u00e1nchez fue fundador junto a Juan Pablo Duarte y Mat\u00edas Ram\u00f3n Mella de la Sociedad Secreta La Trinitaria, cuando Duarte fue exiliado del pa\u00eds asumi\u00f3 la direcci\u00f3n del Movimiento Independentista y escribi\u00f3 el 16 de enero de 1844 un Manifiesto por la Rep\u00fablica.<\/span><\/p>\n<\/p>\n<p><span class=\"text1noticias\">Representantes de las Fuerzas Armadas y el licenciado Juan Daniel Balc\u00e1cer, presidente de Efem\u00e9rides Patrias, encabezaron el acto, colocaron varias ofrendas en su honor en presencia de centenares de estudiantes y destacaron el valor y la entrega en el accionar de Francisco del Rosario S\u00e1nchez.<\/span><\/p>\n<\/p>\n<p><span class=\"text1noticias\">S\u00e1nchez fue el primer dominicano en ondear la Bandera Nacional el 27 de febrero de 1844 tiene el doble m\u00e9rito de haber sido fundador y h\u00e9roe de la Rep\u00fablica y de contarse tambi\u00e9n entre uno de los primeros ca\u00eddos por la Restauraci\u00f3n.<\/span><\/p>\n<\/p>\n<p><span class=\"text1noticias\">El h\u00e9roe muri\u00f3 fusilado en el cementerio de su pueblo natal el 4 de julio de 1 y sus restos descansan junto a sus compa\u00f1eros Juan Pablo Duarte y Mat\u00edas Ram\u00f3n Mella.<\/span><\/p>\n<\/p>\n<p><span class=\"text1noticias\">El historiador Juan Daniel Balc\u00e1cer exhorta al estudiantado y a la poblaci\u00f3n a respetar los s\u00edmbolos patrios y a los padres de la Patria que como Duarte S\u00e1nchez y Mella \u00abentregaron todo por la Rep\u00fablica Dominicana\u00bb.(HG)<\/span>.<\/p>\n<\/p>\n<h6> 2012-03-10 18:22:23 <\/h6>\n<p><!--\n<link rel=\"stylesheet\" href=\"css\/bootstrap.min.css\">\n\n\n<ul class=\"pagination\">\n\t    \n\t\n\n<li >\n\t<a href='?page_no=17792'>Previous<\/a>\n\t<\/li>\n\n\n       \n    \n\n<li><a href='?page_no=1'>1<\/a><\/li>\n\n\n\n<li><a href='?page_no=2'>2<\/a><\/li>\n\n\n\n<li><a>...<\/a><\/li>\n\n\n\n<li><a href='?page_no=17791'>17791<\/a><\/li>\n\n\n\n<li><a href='?page_no=17792'>17792<\/a><\/li>\n\n\n\n<li class='active'><a>17793<\/a><\/li>\n\n\n\n<li><a href='?page_no=17794'>17794<\/a><\/li>\n\n\n\n<li><a href='?page_no=17795'>17795<\/a><\/li>\n\n\n\n<li><a>...<\/a><\/li>\n\n\n\n<li><a href='?page_no=22911'>22911<\/a><\/li>\n\n\n\n<li><a href='?page_no=22912'>22912<\/a><\/li>\n\n    \n\t\n\n<li >\n\t<a href='?page_no=17794'>Next<\/a>\n\t<\/li>\n\n\n    \n\n<li><a href='?page_no=22912'>Last &rsaquo;&rsaquo;<\/a><\/li>\n\n<\/ul>\n\n\n--><br \/>\n<\/body><\/p>\n","protected":false},"excerpt":{"rendered":"<p>Rep.Dom, 10 de Marzo 02:27 P.M.La Comisi\u00f3n Permanente de Efem\u00e9rides Patrias, las Fuerzas Armadas y estudiantes rindieron homenaje a Francisco del Rosario S\u00e1nchez, padre de la patria, con motivo del 195 Aniversario de su nacimiento en San Juan de la Maguana. Francisco del Rosario S\u00e1nchez fue fundador junto a Juan Pablo Duarte y Mat\u00edas Ram\u00f3n [&hellip;]<\/p>\n","protected":false},"author":3,"featured_media":0,"comment_status":"open","ping_status":"open","sticky":false,"template":"","format":"standard","meta":{"footnotes":""},"categories":[21],"tags":[],"class_list":["post-66115","post","type-post","status-publish","format-standard","hentry","category-cultura"],"_links":{"self":[{"href":"https:\/\/diariodominicano.com\/index.php?rest_route=\/wp\/v2\/posts\/66115","targetHints":{"allow":["GET"]}}],"collection":[{"href":"https:\/\/diariodominicano.com\/index.php?rest_route=\/wp\/v2\/posts"}],"about":[{"href":"https:\/\/diariodominicano.com\/index.php?rest_route=\/wp\/v2\/types\/post"}],"author":[{"embeddable":true,"href":"https:\/\/diariodominicano.com\/index.php?rest_route=\/wp\/v2\/users\/3"}],"replies":[{"embeddable":true,"href":"https:\/\/diariodominicano.com\/index.php?rest_route=%2Fwp%2Fv2%2Fcomments&post=66115"}],"version-history":[{"count":0,"href":"https:\/\/diariodominicano.com\/index.php?rest_route=\/wp\/v2\/posts\/66115\/revisions"}],"wp:attachment":[{"href":"https:\/\/diariodominicano.com\/index.php?rest_route=%2Fwp%2Fv2%2Fmedia&parent=66115"}],"wp:term":[{"taxonomy":"category","embeddable":true,"href":"https:\/\/diariodominicano.com\/index.php?rest_route=%2Fwp%2Fv2%2Fcategories&post=66115"},{"taxonomy":"post_tag","embeddable":true,"href":"https:\/\/diariodominicano.com\/index.php?rest_route=%2Fwp%2Fv2%2Ftags&post=66115"}],"curies":[{"name":"wp","href":"https:\/\/api.w.org\/{rel}","templated":true}]}}