{"id":66114,"date":"2012-03-10T18:31:21","date_gmt":"2012-03-10T18:31:21","guid":{"rendered":"http:\/\/diariodominicano.ddns.net\/?p=66114"},"modified":"2012-03-10T18:31:21","modified_gmt":"2012-03-10T18:31:21","slug":"entidades-promueven-cultura-de-derecho-constitucional-en-rd","status":"publish","type":"post","link":"https:\/\/diariodominicano.com\/?p=66114","title":{"rendered":"Entidades promueven cultura de derecho constitucional en RD"},"content":{"rendered":"<p><body><\/p>\n<p><img decoding=\"async\" src=\"img3\/juezaconstitucional.JPG\" \/>  <\/p>\n<p><span class=\"text1noticias\">Rep.Dom, 10 de Marzo 02: 35 P.M.-La Fundaci\u00f3n Institucionalidad y Justicia (FINJUS) y el Tribunal Constitucional auspician el Seminario-Taller \u00a8Buenas Pr\u00e1cticas para una Optima Administraci\u00f3n de Justicia Constitucional\u00a8, que se desarrolla en la Universidad Iberoamericana (UNIBE).<\/span><\/p>\n<\/p>\n<p><span class=\"text1noticias\">Servio Tulio Casta\u00f1os Guzm\u00e1n, Vicepresidente Ejecutivo de FINJUS y Milton Ray Guevara, Presidente del Tribunal Constitucional dijeron que entre los expositores internacionales del seminario est\u00e1n Ana Virginia Calzada, tres veces presidenta de la Sala Constitucional de Costa Rica y Carlos Gaviria D\u00edaz, ex presidente de la Corte Constitucional de Colombia.<\/span><\/p>\n<\/p>\n<p><span class=\"text1noticias\">Las palabras de bienvenida estuvieron a cargo de Julio Amado Casta\u00f1os Guzm\u00e1n, rector de UNIBE y las palabras introductorias las pronunci\u00f3 el vocero de FINJUS, quien consider\u00f3 que el proceso actual de instalaci\u00f3n del Tribunal Constitucional constituye una gran experiencia para los actores que intervienen en el mismo.(HG).<\/span><\/p>\n<\/p>\n<p><span class=\"text1noticias\">Al resaltar la calidad de los panelistas, Servio Tulio Casta\u00f1os Guzm\u00e1n dijo que el tiempo en que Gaviria D\u00edaz fue presidente de la Corte Constitucional de Colombia se considera como una \u00e9poca de luz y resalt\u00f3 como evidencia de ello est\u00e1n las sentencias emanadas de ese alto tribunal de justicia.<\/span><\/p>\n<\/p>\n<p><span class=\"text1noticias\">En cuanto a la magistrada Calzada, dijo que su mejor aval es el hecho de que acaba de ser confirmada para su tercer per\u00edodo como presidenta de la Sala Constitucional de Costa Rica.<\/span><\/p>\n<p><span class=\"text1noticias\"> <\/span><\/p>\n<p><span class=\"text1noticias\">El evento se inici\u00f3 este jueves en horas de la tarde en UNIBE y se extender\u00e1 hasta el s\u00e1bado, en jornadas que incluyen exposiciones de ambos panelistas e intercambios con los participantes.<\/span><\/p>\n<\/p>\n<p><span class=\"text1noticias\">Ray Guevara ponder\u00f3 el hecho de que el Seminario-Taller se iniciara el D\u00eda Internacional de la Mujer, felicitando junto al rector de UNIBE y al Vicepresidente de FINJUS a las damas presentes y, a trav\u00e9s de ellas, a todas las mujeres del pa\u00eds y del mundo.<\/span><\/p>\n<\/p>\n<p><span class=\"text1noticias\">La actividad cont\u00f3 con la asistencia de los jueces del Tribunal Constitucional, adem\u00e1s de Ray Guevara, los suplentes Leyda Margarita Pi\u00f1a y Lino V\u00e1squez Samuel. Tambi\u00e9n, V\u00edctor Joaqu\u00edn Castellanos, Justo Pedro Castellanos, Rafael D\u00edaz Filpo, Ana Isabel Bonilla, Herm\u00f3gnes Acosta, Wilson G\u00f3mez Ram\u00edrez, Katia Miguelina Jim\u00e9nez, V\u00edctor G\u00f3mez Berg\u00e9s, Idelfonso Reyes y Jottyn Cury David.<\/span><\/p>\n<\/p>\n<p><span class=\"text1noticias\">En nombre de FINJUS y del Tribunal Constitucional, se obsequi\u00f3 una flor a cada dama presente y se ofreci\u00f3 un brindes a todos los participantes en la ceremonia de apertura.<\/span><\/p>\n<\/p>\n<p><span class=\"text1noticias\">En la primera jornada, iniciada luego de la ceremonia inaugural, se ofrecieron dos exposiciones. La primera conferencia vers\u00f3 sobre La Experiencia Colombiana en la Puesta en Funcionamiento del Tribunal Constitucional, a cargo del doctor Gaviria.<\/span><\/p>\n<\/p>\n<p><span class=\"text1noticias\">La segunda, en cambio, trat\u00f3 acerca de la Experiencia de Costa Rica en la Instalaci\u00f3n de la Jurisdicci\u00f3n Constitucional, teniendo como expositora a la doctora Calzada<\/span>.<\/p>\n<\/p>\n<h6> 2012-03-10 18:31:21 <\/h6>\n<p><!--\n<link rel=\"stylesheet\" href=\"css\/bootstrap.min.css\">\n\n\n<ul class=\"pagination\">\n\t    \n\t\n\n<li >\n\t<a href='?page_no=17791'>Previous<\/a>\n\t<\/li>\n\n\n       \n    \n\n<li><a href='?page_no=1'>1<\/a><\/li>\n\n\n\n<li><a href='?page_no=2'>2<\/a><\/li>\n\n\n\n<li><a>...<\/a><\/li>\n\n\n\n<li><a href='?page_no=17790'>17790<\/a><\/li>\n\n\n\n<li><a href='?page_no=17791'>17791<\/a><\/li>\n\n\n\n<li class='active'><a>17792<\/a><\/li>\n\n\n\n<li><a href='?page_no=17793'>17793<\/a><\/li>\n\n\n\n<li><a href='?page_no=17794'>17794<\/a><\/li>\n\n\n\n<li><a>...<\/a><\/li>\n\n\n\n<li><a href='?page_no=22911'>22911<\/a><\/li>\n\n\n\n<li><a href='?page_no=22912'>22912<\/a><\/li>\n\n    \n\t\n\n<li >\n\t<a href='?page_no=17793'>Next<\/a>\n\t<\/li>\n\n\n    \n\n<li><a href='?page_no=22912'>Last &rsaquo;&rsaquo;<\/a><\/li>\n\n<\/ul>\n\n\n--><br \/>\n<\/body><\/p>\n","protected":false},"excerpt":{"rendered":"<p>Rep.Dom, 10 de Marzo 02: 35 P.M.-La Fundaci\u00f3n Institucionalidad y Justicia (FINJUS) y el Tribunal Constitucional auspician el Seminario-Taller \u00a8Buenas Pr\u00e1cticas para una Optima Administraci\u00f3n de Justicia Constitucional\u00a8, que se desarrolla en la Universidad Iberoamericana (UNIBE). Servio Tulio Casta\u00f1os Guzm\u00e1n, Vicepresidente Ejecutivo de FINJUS y Milton Ray Guevara, Presidente del Tribunal Constitucional dijeron que entre [&hellip;]<\/p>\n","protected":false},"author":3,"featured_media":0,"comment_status":"open","ping_status":"open","sticky":false,"template":"","format":"standard","meta":{"footnotes":""},"categories":[21],"tags":[],"class_list":["post-66114","post","type-post","status-publish","format-standard","hentry","category-cultura"],"_links":{"self":[{"href":"https:\/\/diariodominicano.com\/index.php?rest_route=\/wp\/v2\/posts\/66114","targetHints":{"allow":["GET"]}}],"collection":[{"href":"https:\/\/diariodominicano.com\/index.php?rest_route=\/wp\/v2\/posts"}],"about":[{"href":"https:\/\/diariodominicano.com\/index.php?rest_route=\/wp\/v2\/types\/post"}],"author":[{"embeddable":true,"href":"https:\/\/diariodominicano.com\/index.php?rest_route=\/wp\/v2\/users\/3"}],"replies":[{"embeddable":true,"href":"https:\/\/diariodominicano.com\/index.php?rest_route=%2Fwp%2Fv2%2Fcomments&post=66114"}],"version-history":[{"count":0,"href":"https:\/\/diariodominicano.com\/index.php?rest_route=\/wp\/v2\/posts\/66114\/revisions"}],"wp:attachment":[{"href":"https:\/\/diariodominicano.com\/index.php?rest_route=%2Fwp%2Fv2%2Fmedia&parent=66114"}],"wp:term":[{"taxonomy":"category","embeddable":true,"href":"https:\/\/diariodominicano.com\/index.php?rest_route=%2Fwp%2Fv2%2Fcategories&post=66114"},{"taxonomy":"post_tag","embeddable":true,"href":"https:\/\/diariodominicano.com\/index.php?rest_route=%2Fwp%2Fv2%2Ftags&post=66114"}],"curies":[{"name":"wp","href":"https:\/\/api.w.org\/{rel}","templated":true}]}}