{"id":66113,"date":"2012-03-11T13:16:53","date_gmt":"2012-03-11T13:16:53","guid":{"rendered":"http:\/\/diariodominicano.ddns.net\/?p=66113"},"modified":"2012-03-11T13:16:53","modified_gmt":"2012-03-11T13:16:53","slug":"academicos-clausuran-foro-internacional-virtual-educa-caribe","status":"publish","type":"post","link":"https:\/\/diariodominicano.com\/?p=66113","title":{"rendered":"Acad\u00e9micos clausuran Foro Internacional Virtual Educa Caribe"},"content":{"rendered":"<p><body><\/p>\n<p><img decoding=\"async\" src=\"img3\/educa.JPG\" \/>  <\/p>\n<p><span class=\"text1noticias\">Rep.Dom, 11 de Marzo 09:20 A.M.-Un total de 325 acad\u00e9micos presentes en el VI  Foro Iberoamericano sobre Nuevas Tecnolog\u00edas Virtual Educa 2012, celebrado en la Universidad Abierta para Adultos (UAPA) y la Fundaci\u00f3n Global Democracia y Desarrollo (FUNGLODE) fueron la evidencia de que los docentes tanto a nivel nacional como internacional est\u00e1n identificados con la innovaci\u00f3n tecnol\u00f3gica  para mejorar el sistema educativo, como lo sustenta las conclusiones del c\u00f3nclave.<\/span><\/p>\n<\/p>\n<p><span class=\"text1noticias\">El encuentro efectuado en Santiago por vez primera desarroll\u00f3 30 ponencias distribuidas en conferencias magistrales, paneles y talleres  fueron disertadas por m\u00e1s de 15 acad\u00e9micos extranjeros y m\u00e1s de 30 nacionales en siete escenarios simult\u00e1neos, conforme a las palabras de Yamile Eusebio, coordinadora de Virtual Educa Caribe y funcionaria de Funglode, quien tambi\u00e9n hizo un recuento del historial y conquistas del foro en sus distintas entregas.<\/span><\/p>\n<\/p>\n<p><span class=\"text1noticias\">El doctor \u00c1ngel Hern\u00e1ndez, en su condici\u00f3n de rector de la UAPA; entidad anfitriona del Foro Iberoamericano, en las palabras del cierre del encuentro, destac\u00f3  que la experiencia sirvi\u00f3 para plantear retos en la educaci\u00f3n y que se cumpli\u00f3 con los objetivos trazados.<\/span><\/p>\n<\/p>\n<p><span class=\"text1noticias\">Agreg\u00f3 que los tiempos demanda de buscar mejore saberes para el mejor futuro de la educaci\u00f3n  y el desarrollo de la naci\u00f3n dominicana; \u00b4\u00b4y  para que la escuela funcione mejor\u00b4\u00b4, dijo el fundador de la primera universidad a distancia del pa\u00eds.<\/span><\/p>\n<\/p>\n<p><span class=\"text1noticias\">En nombre del sector del Ministerio de Educaci\u00f3n Superior, habl\u00f3 F\u00e9lix Far\u00edas, quien manifest\u00f3 que ese organismo no escatima esfuerzos para capacitar a los docentes y que esa es la mejor v\u00eda para contribuir con el desarrollo de la Rep\u00fablica Dominicana.<\/span><\/p>\n<\/p>\n<p><span class=\"text1noticias\">Entre los temas que se trataron figuran;  la virtualizaci\u00f3n, las problem\u00e1ticas en las TICS, la pedagog\u00eda en el siglo XXI, el aprendizaje del E.learning y la educaci\u00f3n a distancia,  los cuales fueron abordados con mucha propiedad por los conferencistas-directivos de prestigiosas universidades .<\/span><\/p>\n<\/p>\n<p><span class=\"text1noticias\">Tambi\u00e9n abordaron, la educaci\u00f3n ambiental como respuesta para garantizar una formaci\u00f3n integral; las tecnolog\u00edas emergentes y la investigaci\u00f3n creativa; propuesta para la ense\u00f1anza de idiomas, la Ibertualidad, los retos ambientales y su enfoque desde la academia y alianzas estrat\u00e9gicas entre el gobierno y la sociedad civil como apuesta por una educaci\u00f3n con calidad, entre otros.<\/span><\/p>\n<\/p>\n<p><span class=\"text1noticias\">Expertos de la categor\u00eda del vicepresidente de Dialogo Inter-Americano,  Jeffrey M. Puryear; Mar\u00eda Elena Navarrete (M\u00e9xico), Jorge Rey Valzzachi (Argentina), Naill Sclater (Inglaterra), Hazel Arias (Costa Rica), Lilian Dom\u00ednguez ( Cuba); Michla Shahar (Israel), Juan Mel\u00e9ndez ( Puerto Rico); Mar\u00eda de los \u00c1ngeles Lega\u00f1oa, Dar\u00edo Jos\u00e9 Pozo Carlos de Castro (Espa\u00f1a), Aylin Febles, Vivian Estrada, Pedro Febles y Lilian Esther Dom\u00ednguez (Cuba), Angel Dubon (Estados Unidos), Olivier Puvar ( Guyana) y Sof\u00eda Perazo (Venezuela) entre otros m\u00e1s, que  actualizaron a los dominicanos en las nuevas tecnolog\u00edas en la educaci\u00f3n.<\/span><\/p>\n<p><span class=\"text1noticias\"> <\/span><\/p>\n<p><span class=\"text1noticias\">Por el pa\u00eds, participaron  los profesionales de entidades publicadas y privadas  tales como:  Iara Tejada, Dalma Cruz, Loly Tavarez de Estrella, Katia Mej\u00eda, Fernando Celestino F\u00e9lix, Samuel Breull, Luis Emilio Seguro, Migdalia Torres, Juan Mel\u00e9ndez,  Rina Familia, Paul Goris, Divina Garc\u00eda, Xiomara Lora, Juan Carlos Hern\u00e1ndez, Willian Ortiz. Amadis Hern\u00e1ndez, Raydelto Hern\u00e1ndez, Reyna Hiraldo, Kenia Arias, Juan Mart\u00ednez L\u00f3pez, Mercedes Matrille,  Irene Hardy, Martha Esca\u00f1o, Juan V\u00edctor Dom\u00ednguez, Esperanza Ayala  Leonardo Valeiron, Ivellise D\u00edaz, Jimmy Rosario Ninoska Gonz\u00e1lez.<\/span><\/p>\n<\/p>\n<p><span class=\"text1noticias\">Tambi\u00e9n Jos\u00e9 Enrique Garc\u00eda, Glenny Linares, Francisco Genao, Wilda Florentino, Francisco Genao, Mar\u00eda Isabel Tejeda, Marbellis Castillo, Mar\u00eda Mena, Freddy Trinidad, Rita Ceballo, Argentina Henr\u00edquez,  Rosal\u00eda Alba Elsa Romano, Juan del Carmen Henr\u00edquez, Juan Generoso Polanco, Carmen Rita Castillo, Ernesto de Fr\u00edas y las coordinadoras de Virtual Educa Caribe versi\u00f3n 2012, las directivas de la UAPA Luz Rosa Estrella y Magdalena Cruz,  dentro de la tem\u00e1tica sobre  la capacitaci\u00f3n, innovaci\u00f3n, responsabilidad social corporativa y el desarrollo sostenible.<\/span><\/p>\n<p><span class=\"text1noticias\"> <\/span><\/p>\n<p><span class=\"text1noticias\">Entre las entidades organizadoras figuran: el Ministerio de Educaci\u00f3n (MINERD), Ministerio de Educaci\u00f3n Superior (MESCYT), Universidad Aut\u00f3noma de Santo Domingo (UASD), Universidad APEC, el Instituto Tecnol\u00f3gico de las Am\u00e9ricas (ITLA), Universidad Iberoamericana (UNIBE), Universidad INTEC,  la Universidad Nacional Pedro Henr\u00edquez Ure\u00f1a (UNPHU), Instituto de Formaci\u00f3n T\u00e9cnico Profesional (INFOTEP), Comisi\u00f3n Nacional de la Sociedad de la Informaci\u00f3n y la Comunicaci\u00f3n (CNSIC), Instituto Dominicano de las Telecomunicaciones (INDOTEL) y la Oficina Presidencial de Tecnolog\u00eda de la Informaci\u00f3n y Comunicaci\u00f3n (OPTIC).<\/span><\/p>\n<p><span class=\"text1noticias\"> <\/span><\/p>\n<p><span class=\"text1noticias\">Tambi\u00e9n cont\u00f3  con el apoyo de las empresas Alianza ONG, Asociaci\u00f3n Dominicana de las Naciones Unidas de la Rep\u00fablica Dominicana (ANU-RD), Grupo Estrella, CAPEX, Microsoft y la  Fundaci\u00f3n Sur Futuro, entre otros.<\/span><\/p>\n<p><span class=\"text1noticias\"> <\/span><\/p>\n<p><span class=\"text1noticias\">Virtual Educa Caribe se celebra desde hace seis a\u00f1os en el pa\u00eds y es la primera vez que se desarroll\u00f3 en la Ciudad Coraz\u00f3n.(HG)<\/span>.<\/p>\n<\/p>\n<h6> 2012-03-11 13:16:53 <\/h6>\n<p><!--\n<link rel=\"stylesheet\" href=\"css\/bootstrap.min.css\">\n\n\n<ul class=\"pagination\">\n\t    \n\t\n\n<li >\n\t<a href='?page_no=17790'>Previous<\/a>\n\t<\/li>\n\n\n       \n    \n\n<li><a href='?page_no=1'>1<\/a><\/li>\n\n\n\n<li><a href='?page_no=2'>2<\/a><\/li>\n\n\n\n<li><a>...<\/a><\/li>\n\n\n\n<li><a href='?page_no=17789'>17789<\/a><\/li>\n\n\n\n<li><a href='?page_no=17790'>17790<\/a><\/li>\n\n\n\n<li class='active'><a>17791<\/a><\/li>\n\n\n\n<li><a href='?page_no=17792'>17792<\/a><\/li>\n\n\n\n<li><a href='?page_no=17793'>17793<\/a><\/li>\n\n\n\n<li><a>...<\/a><\/li>\n\n\n\n<li><a href='?page_no=22911'>22911<\/a><\/li>\n\n\n\n<li><a href='?page_no=22912'>22912<\/a><\/li>\n\n    \n\t\n\n<li >\n\t<a href='?page_no=17792'>Next<\/a>\n\t<\/li>\n\n\n    \n\n<li><a href='?page_no=22912'>Last &rsaquo;&rsaquo;<\/a><\/li>\n\n<\/ul>\n\n\n--><br \/>\n<\/body><\/p>\n","protected":false},"excerpt":{"rendered":"<p>Rep.Dom, 11 de Marzo 09:20 A.M.-Un total de 325 acad\u00e9micos presentes en el VI Foro Iberoamericano sobre Nuevas Tecnolog\u00edas Virtual Educa 2012, celebrado en la Universidad Abierta para Adultos (UAPA) y la Fundaci\u00f3n Global Democracia y Desarrollo (FUNGLODE) fueron la evidencia de que los docentes tanto a nivel nacional como internacional est\u00e1n identificados con la [&hellip;]<\/p>\n","protected":false},"author":3,"featured_media":0,"comment_status":"open","ping_status":"open","sticky":false,"template":"","format":"standard","meta":{"footnotes":""},"categories":[21],"tags":[],"class_list":["post-66113","post","type-post","status-publish","format-standard","hentry","category-cultura"],"_links":{"self":[{"href":"https:\/\/diariodominicano.com\/index.php?rest_route=\/wp\/v2\/posts\/66113","targetHints":{"allow":["GET"]}}],"collection":[{"href":"https:\/\/diariodominicano.com\/index.php?rest_route=\/wp\/v2\/posts"}],"about":[{"href":"https:\/\/diariodominicano.com\/index.php?rest_route=\/wp\/v2\/types\/post"}],"author":[{"embeddable":true,"href":"https:\/\/diariodominicano.com\/index.php?rest_route=\/wp\/v2\/users\/3"}],"replies":[{"embeddable":true,"href":"https:\/\/diariodominicano.com\/index.php?rest_route=%2Fwp%2Fv2%2Fcomments&post=66113"}],"version-history":[{"count":0,"href":"https:\/\/diariodominicano.com\/index.php?rest_route=\/wp\/v2\/posts\/66113\/revisions"}],"wp:attachment":[{"href":"https:\/\/diariodominicano.com\/index.php?rest_route=%2Fwp%2Fv2%2Fmedia&parent=66113"}],"wp:term":[{"taxonomy":"category","embeddable":true,"href":"https:\/\/diariodominicano.com\/index.php?rest_route=%2Fwp%2Fv2%2Fcategories&post=66113"},{"taxonomy":"post_tag","embeddable":true,"href":"https:\/\/diariodominicano.com\/index.php?rest_route=%2Fwp%2Fv2%2Ftags&post=66113"}],"curies":[{"name":"wp","href":"https:\/\/api.w.org\/{rel}","templated":true}]}}