{"id":66112,"date":"2012-03-11T13:37:48","date_gmt":"2012-03-11T13:37:48","guid":{"rendered":"http:\/\/diariodominicano.ddns.net\/?p=66112"},"modified":"2012-03-11T13:37:48","modified_gmt":"2012-03-11T13:37:48","slug":"unesco-capacita-a-cuatro-tecnicos-de-rd-en-paris","status":"publish","type":"post","link":"https:\/\/diariodominicano.com\/?p=66112","title":{"rendered":"Unesco capacita a cuatro t\u00e9cnicos de RD en Par\u00eds"},"content":{"rendered":"<p><body><\/p>\n<p><span class=\"text1noticias\">Par\u00eds, 11 de Marzo 09:40 A.M.- Cuatro t\u00e9cnicos dominicanos del Tercer Estudio de Evaluaci\u00f3n de Calidad de la Educaci\u00f3n (Terce) del Laboratorio Latinoamericano de Evaluaci\u00f3n de la Calidad de la Educaci\u00f3n (LLece) participaron en un taller para mejorar la calidad en la educaci\u00f3n. <\/span><\/p>\n<\/p>\n<p><span class=\"text1noticias\">El evento consisti\u00f3 en dos capacitaciones paralelas: una para ense\u00f1ar el uso de un nuevo software de ingreso de datos y muestreo de escuelas, y la otra, para formar a los que estar\u00e1n encargados de la aplicaci\u00f3n del estudio.<\/span><\/p>\n<\/p>\n<p><span class=\"text1noticias\">Prop\u00f3sito<\/span><\/p>\n<\/p>\n<p><span class=\"text1noticias\">Al t\u00e9rmino se pretende identificar las fortalezas de los sistemas educativos de la regi\u00f3n, de modo que sea posible potenciarlas a trav\u00e9s de pol\u00edticas adecuadas y lograr subir el nivel educativo de la regi\u00f3n.<\/span><\/p>\n<\/p>\n<p><span class=\"text1noticias\">La capacitaci\u00f3n la ofrecieron Sebasti\u00e1n Meyer, de la International Association for the Evaluation of Educational Achievement (IEA) de Hamburgo, y Moritz Bilagher, coordinador regional en el \u00c1rea de Evaluaci\u00f3n y An\u00e1lisis de Tendencias de Orealc\/Unesco Santiago. <\/span><\/p>\n<\/p>\n<p><span class=\"text1noticias\">Seg\u00fan nota enviada a este diario, en este taller se capacit\u00f3 a representantes de Ecuador, Rep\u00fablica Dominicana y del Estado de Nuevo Le\u00f3n, M\u00e9xico. Por el pa\u00eds participaron cuatro t\u00e9cnicos que a su vez pondr\u00e1n en pr\u00e1ctica el programa piloto en 53 escuelas.<\/span><\/p>\n<\/p>\n<p><span class=\"text1noticias\">Atilio Pizarro, jefe de la Secci\u00f3n de Planificaci\u00f3n, Gesti\u00f3n, Evaluaci\u00f3n y Monitoreo de Orealc\/Unesco Santiago, dijo que \u00abasegurar altos est\u00e1ndares de calidad en los procesos del Terce requiere utilizar herramientas computacionales eficientes\u00bb.(HG)<\/span>.<\/p>\n<h6> 2012-03-11 13:37:48 <\/h6>\n<p><!--\n<link rel=\"stylesheet\" href=\"css\/bootstrap.min.css\">\n\n\n<ul class=\"pagination\">\n\t    \n\t\n\n<li >\n\t<a href='?page_no=17789'>Previous<\/a>\n\t<\/li>\n\n\n       \n    \n\n<li><a href='?page_no=1'>1<\/a><\/li>\n\n\n\n<li><a href='?page_no=2'>2<\/a><\/li>\n\n\n\n<li><a>...<\/a><\/li>\n\n\n\n<li><a href='?page_no=17788'>17788<\/a><\/li>\n\n\n\n<li><a href='?page_no=17789'>17789<\/a><\/li>\n\n\n\n<li class='active'><a>17790<\/a><\/li>\n\n\n\n<li><a href='?page_no=17791'>17791<\/a><\/li>\n\n\n\n<li><a href='?page_no=17792'>17792<\/a><\/li>\n\n\n\n<li><a>...<\/a><\/li>\n\n\n\n<li><a href='?page_no=22911'>22911<\/a><\/li>\n\n\n\n<li><a href='?page_no=22912'>22912<\/a><\/li>\n\n    \n\t\n\n<li >\n\t<a href='?page_no=17791'>Next<\/a>\n\t<\/li>\n\n\n    \n\n<li><a href='?page_no=22912'>Last &rsaquo;&rsaquo;<\/a><\/li>\n\n<\/ul>\n\n\n--><br \/>\n<\/body><\/p>\n","protected":false},"excerpt":{"rendered":"<p>Par\u00eds, 11 de Marzo 09:40 A.M.- Cuatro t\u00e9cnicos dominicanos del Tercer Estudio de Evaluaci\u00f3n de Calidad de la Educaci\u00f3n (Terce) del Laboratorio Latinoamericano de Evaluaci\u00f3n de la Calidad de la Educaci\u00f3n (LLece) participaron en un taller para mejorar la calidad en la educaci\u00f3n. El evento consisti\u00f3 en dos capacitaciones paralelas: una para ense\u00f1ar el uso [&hellip;]<\/p>\n","protected":false},"author":3,"featured_media":0,"comment_status":"open","ping_status":"open","sticky":false,"template":"","format":"standard","meta":{"footnotes":""},"categories":[21],"tags":[],"class_list":["post-66112","post","type-post","status-publish","format-standard","hentry","category-cultura"],"_links":{"self":[{"href":"https:\/\/diariodominicano.com\/index.php?rest_route=\/wp\/v2\/posts\/66112","targetHints":{"allow":["GET"]}}],"collection":[{"href":"https:\/\/diariodominicano.com\/index.php?rest_route=\/wp\/v2\/posts"}],"about":[{"href":"https:\/\/diariodominicano.com\/index.php?rest_route=\/wp\/v2\/types\/post"}],"author":[{"embeddable":true,"href":"https:\/\/diariodominicano.com\/index.php?rest_route=\/wp\/v2\/users\/3"}],"replies":[{"embeddable":true,"href":"https:\/\/diariodominicano.com\/index.php?rest_route=%2Fwp%2Fv2%2Fcomments&post=66112"}],"version-history":[{"count":0,"href":"https:\/\/diariodominicano.com\/index.php?rest_route=\/wp\/v2\/posts\/66112\/revisions"}],"wp:attachment":[{"href":"https:\/\/diariodominicano.com\/index.php?rest_route=%2Fwp%2Fv2%2Fmedia&parent=66112"}],"wp:term":[{"taxonomy":"category","embeddable":true,"href":"https:\/\/diariodominicano.com\/index.php?rest_route=%2Fwp%2Fv2%2Fcategories&post=66112"},{"taxonomy":"post_tag","embeddable":true,"href":"https:\/\/diariodominicano.com\/index.php?rest_route=%2Fwp%2Fv2%2Ftags&post=66112"}],"curies":[{"name":"wp","href":"https:\/\/api.w.org\/{rel}","templated":true}]}}