{"id":661117,"date":"2026-01-19T19:55:50","date_gmt":"2026-01-19T23:55:50","guid":{"rendered":"https:\/\/diariodominicano.com\/?p=661117"},"modified":"2026-01-19T19:56:23","modified_gmt":"2026-01-19T23:56:23","slug":"instituto-duartiano-inicia-actos-del-natalicio-del-patricio-con-cabalgata-por-la-patria","status":"publish","type":"post","link":"https:\/\/diariodominicano.com\/?p=661117","title":{"rendered":"Instituto Duartiano inicia actos del natalicio del patricio con \u201cCabalgata por la Patria\u201d"},"content":{"rendered":"\n<p>Ciudadanos y turistas acompa\u00f1aron el recorrido con aplausos y muestras de entusiasmo, convirtiendo la cabalgata en una jornada de civismo compartido que reforz\u00f3 el orgullo nacional y el sentido de pertenencia hist\u00f3rico.<\/p>\n\n\n\n<p>Santo Domingo, Rep. Dom.- El Instituto Duartiano congreg\u00f3 este domingo a cientos de ciudadanos que se dieron cita para honrar la memoria del patricio Juan Pablo Duarte, en la \u00abCabalgata por la Patria\u00bb, que transform\u00f3 a la Ciudad Colonial en un vibrante escenario de historia y tradici\u00f3n, donde el repicar de los pasos firmes de los caballos sobre el pavimento evoc\u00f3 las gestas libertarias de la naci\u00f3n.<\/p>\n\n\n\n<figure class=\"wp-block-gallery has-nested-images columns-default is-cropped wp-block-gallery-1 is-layout-flex wp-block-gallery-is-layout-flex\">\n<figure class=\"wp-block-image size-large\"><img loading=\"lazy\" decoding=\"async\" width=\"1024\" height=\"683\" data-id=\"661150\" src=\"https:\/\/diariodominicano.com\/wp-content\/uploads\/2026\/01\/Banco-Ademi-obtiene-Oro-en-Certificacion-3Rs-1024x683.jpg\" alt=\"\" class=\"wp-image-661150\" srcset=\"https:\/\/diariodominicano.com\/wp-content\/uploads\/2026\/01\/Banco-Ademi-obtiene-Oro-en-Certificacion-3Rs-1024x683.jpg 1024w, https:\/\/diariodominicano.com\/wp-content\/uploads\/2026\/01\/Banco-Ademi-obtiene-Oro-en-Certificacion-3Rs-300x200.jpg 300w, https:\/\/diariodominicano.com\/wp-content\/uploads\/2026\/01\/Banco-Ademi-obtiene-Oro-en-Certificacion-3Rs-768x512.jpg 768w, https:\/\/diariodominicano.com\/wp-content\/uploads\/2026\/01\/Banco-Ademi-obtiene-Oro-en-Certificacion-3Rs-816x544.jpg 816w, https:\/\/diariodominicano.com\/wp-content\/uploads\/2026\/01\/Banco-Ademi-obtiene-Oro-en-Certificacion-3Rs.jpg 1200w\" sizes=\"auto, (max-width: 1024px) 100vw, 1024px\" \/><\/figure>\n<\/figure>\n\n\n\n<p>El evento ecuestre marc\u00f3 el inicio formal del programa de actividades conmemorativas por el 213 aniversario del natalicio del l\u00edder trinitario; con esta iniciativa la instituci\u00f3n busc\u00f3 resaltar el papel crucial que desempe\u00f1\u00f3 el caballo en las acciones b\u00e9licas y de desplazamiento que permitieron la independencia dominicana.<\/p>\n\n\n\n<p>La jornada comenz\u00f3 a las 4:00 de la tarde, partiendo desde el emblem\u00e1tico Altar de la Patria. Desde ese punto sagrado, una impresionante columna de jinetes y ejemplares equinos inici\u00f3 un recorrido que llen\u00f3 de colorido y fervor patri\u00f3tico las calles de la antigua ciudad.<\/p>\n\n\n\n<figure class=\"wp-block-gallery has-nested-images columns-default is-cropped wp-block-gallery-2 is-layout-flex wp-block-gallery-is-layout-flex\">\n<figure class=\"wp-block-image size-large\"><img loading=\"lazy\" decoding=\"async\" width=\"1024\" height=\"683\" data-id=\"661149\" src=\"https:\/\/diariodominicano.com\/wp-content\/uploads\/2026\/01\/Decenas-de-familia-disfrutaron-de-la-actividad-1024x683.jpg\" alt=\"\" class=\"wp-image-661149\" srcset=\"https:\/\/diariodominicano.com\/wp-content\/uploads\/2026\/01\/Decenas-de-familia-disfrutaron-de-la-actividad-1024x683.jpg 1024w, https:\/\/diariodominicano.com\/wp-content\/uploads\/2026\/01\/Decenas-de-familia-disfrutaron-de-la-actividad-300x200.jpg 300w, https:\/\/diariodominicano.com\/wp-content\/uploads\/2026\/01\/Decenas-de-familia-disfrutaron-de-la-actividad-768x512.jpg 768w, https:\/\/diariodominicano.com\/wp-content\/uploads\/2026\/01\/Decenas-de-familia-disfrutaron-de-la-actividad-816x544.jpg 816w, https:\/\/diariodominicano.com\/wp-content\/uploads\/2026\/01\/Decenas-de-familia-disfrutaron-de-la-actividad.jpg 1200w\" sizes=\"auto, (max-width: 1024px) 100vw, 1024px\" \/><\/figure>\n<\/figure>\n\n\n\n<p>Decenas de caballos, manejados por habilidosos jinetes, se convirtieron en el centro de atenci\u00f3n, rob\u00e1ndose las miradas y los aplausos de una multitud compuesta por familias dominicanas y turistas extranjeros. El desfile avanz\u00f3 r\u00edtmicamente por las calles Pina, Padre Billini, Isabel la Cat\u00f3lica y Mercedes, trazando una ruta cargada de colorido y simbolismo.<\/p>\n\n\n\n<p>Uno de los momentos m\u00e1s solemnes de la tarde ocurri\u00f3 durante la parada en el parque Duarte. En este espacio, la banda de m\u00fasica del Ej\u00e9rcito de la Rep\u00fablica Dominicana interpret\u00f3 con gallard\u00eda los himnos Nacional y a Duarte, elevando el esp\u00edritu c\u00edvico de los presentes.<\/p>\n\n\n\n<figure class=\"wp-block-gallery has-nested-images columns-default is-cropped wp-block-gallery-3 is-layout-flex wp-block-gallery-is-layout-flex\">\n<figure class=\"wp-block-image size-large\"><img loading=\"lazy\" decoding=\"async\" width=\"1024\" height=\"683\" data-id=\"661148\" src=\"https:\/\/diariodominicano.com\/wp-content\/uploads\/2026\/01\/La-Cabalgata-por-la-Patria-inicio-en-el-parque-Independencia-1024x683.jpg\" alt=\"\" class=\"wp-image-661148\" srcset=\"https:\/\/diariodominicano.com\/wp-content\/uploads\/2026\/01\/La-Cabalgata-por-la-Patria-inicio-en-el-parque-Independencia-1024x683.jpg 1024w, https:\/\/diariodominicano.com\/wp-content\/uploads\/2026\/01\/La-Cabalgata-por-la-Patria-inicio-en-el-parque-Independencia-300x200.jpg 300w, https:\/\/diariodominicano.com\/wp-content\/uploads\/2026\/01\/La-Cabalgata-por-la-Patria-inicio-en-el-parque-Independencia-768x512.jpg 768w, https:\/\/diariodominicano.com\/wp-content\/uploads\/2026\/01\/La-Cabalgata-por-la-Patria-inicio-en-el-parque-Independencia-816x544.jpg 816w, https:\/\/diariodominicano.com\/wp-content\/uploads\/2026\/01\/La-Cabalgata-por-la-Patria-inicio-en-el-parque-Independencia.jpg 1200w\" sizes=\"auto, (max-width: 1024px) 100vw, 1024px\" \/><\/figure>\n<\/figure>\n\n\n\n<p>Acto seguido, los directivos del Instituto Duartiano, acompa\u00f1ados por los caballistas, procedieron a depositar una ofrenda floral ante la estatua del pr\u00f3cer. Este gesto reafirm\u00f3 el compromiso de las instituciones presentes con la preservaci\u00f3n de los valores de libertad, soberan\u00eda e independencia que Duarte inculc\u00f3 a su pueblo.<\/p>\n\n\n\n<p>El doctor Wilson G\u00f3mez Ram\u00edrez, presidente del Instituto Duartiano, tom\u00f3 la palabra para destacar el \u00e9xito rotundo de la convocatoria. En su discurso, enfatiz\u00f3 que la soberan\u00eda nacional es eterna y que actividades como esta permiten apreciar los frutos de la entrega incondicional del \u00abPr\u00f3cer de pr\u00f3ceres\u00bb.<\/p>\n\n\n\n<p>Por su parte, Manuel Alberto G\u00f3mez, presidente ad vitam de la Asociaci\u00f3n de Caballos de Paso Hig\u00fceyano (ACPH), expres\u00f3 su satisfacci\u00f3n por la acogida popular del evento. Se\u00f1al\u00f3 que fue emocionante observar c\u00f3mo la gente caminaba a pasos agigantados para seguir el galope de los caballos bajo el influjo de los colores patrios.<\/p>\n\n\n\n<p>La representaci\u00f3n de la Asociaci\u00f3n Dominicana de Caballos de Paso (ADOPASO) tambi\u00e9n estuvo presente a trav\u00e9s de Alexis Thompson. Su participaci\u00f3n subray\u00f3 la unidad de los sectores ecuestres del pa\u00eds en torno a una causa que trasciende lo deportivo para convertirse en un acto de identidad nacional.<\/p>\n\n\n\n<p>Result\u00f3 particularmente impresionante la exhibici\u00f3n de la Caballer\u00eda de Sangre del Ej\u00e9rcito de la Rep\u00fablica \u00abKalil Hach\u00e9\u00bb. Sus diestros miembros, montados sobre ejemplares imponentes, hicieron gala de una disciplina castrense que record\u00f3 la vida militar de Duarte, quien tambi\u00e9n recorri\u00f3 los caminos de la patria a caballo.<\/p>\n\n\n\n<p>El desfile cont\u00f3 adem\u00e1s con la participaci\u00f3n de diversos colectivos, entre ellos el Grupo Trillo de Raulin Browuer y el Grupo Salamanca, representado por Felipe Lugo y Braulio Peralta. Estas agrupaciones aportaron diversidad y destreza a la columna ecuestre que serpenteaba por la Ciudad Colonial.<\/p>\n\n\n\n<p>Otras entidades que se sumaron a la manifestaci\u00f3n fueron el Club Caballista de Villa Mella, el Grupo La Manada, el Grupo Ciudad Ganadera y el Grupo Monte Plata. La presencia de estos grupos demostr\u00f3 el alcance nacional de la convocatoria y el arraigo de la cultura del caballo en distintas regiones de la Rep\u00fablica.<\/p>\n\n\n\n<p>A lo largo del trayecto, los rostros de los ni\u00f1os y adultos reflejaban una mezcla de asombro y alegr\u00eda. La actividad no solo ofreci\u00f3 un espect\u00e1culo visual de primer nivel, sino que sirvi\u00f3 como una lecci\u00f3n viva de historia sobre la importancia de no transigir en los esfuerzos por mantener la independencia a cualquier costo.<\/p>\n\n\n\n<p>Tras completar el circuito por las hist\u00f3ricas v\u00edas coloniales, la cabalgata retorn\u00f3 a su punto de origen en el Altar de la Patria. El cierre de la actividad estuvo marcado por un sentimiento de renovaci\u00f3n del orgullo nacional, dejando una huella profunda en los cientos de asistentes que disfrutaron de la tarde.<\/p>\n\n\n\n<p>Finalmente, el Instituto Duartiano logr\u00f3 su cometido de avivar el patriotismo y recordar que la patria \u00ablate con mucha fuerza en el coraz\u00f3n de los dominicanos\u00bb. La jornada concluy\u00f3 como una verdadera fiesta de la identidad, donde la historia y la tradici\u00f3n se dieron la mano en honor al fundador de la Rep\u00fablica.<\/p>\n\n\n\n<figure class=\"wp-block-embed is-type-video is-provider-youtube wp-block-embed-youtube wp-embed-aspect-16-9 wp-has-aspect-ratio\"><div class=\"wp-block-embed__wrapper\">\n<iframe loading=\"lazy\" title=\"Instituto Duartiano inicia actos del natalicio del patricio con \u201cCabalgata por la Patria\u201d\" width=\"616\" height=\"347\" src=\"https:\/\/www.youtube.com\/embed\/k2YyAO2Oy2Y?feature=oembed\" frameborder=\"0\" allow=\"accelerometer; autoplay; clipboard-write; encrypted-media; gyroscope; picture-in-picture; web-share\" referrerpolicy=\"strict-origin-when-cross-origin\" allowfullscreen><\/iframe>\n<\/div><\/figure>\n\n\n\n<p>Enver L\u00f3pez Milander <a href=\"mailto:enver@publimercadeord.com\">enver@publimercadeord.com<\/a><\/p>\n","protected":false},"excerpt":{"rendered":"<p>Ciudadanos y turistas acompa\u00f1aron el recorrido con aplausos y muestras de entusiasmo, convirtiendo la cabalgata en una jornada de civismo compartido que reforz\u00f3 el orgullo nacional y el sentido de pertenencia hist\u00f3rico. Santo Domingo, Rep. Dom.- El Instituto Duartiano congreg\u00f3 este domingo a cientos de ciudadanos que se dieron cita para honrar la memoria del [&hellip;]<\/p>\n","protected":false},"author":7,"featured_media":661147,"comment_status":"closed","ping_status":"closed","sticky":false,"template":"","format":"standard","meta":{"footnotes":""},"categories":[21],"tags":[264],"class_list":["post-661117","post","type-post","status-publish","format-standard","has-post-thumbnail","hentry","category-cultura","tag-instituto-duartiano"],"_links":{"self":[{"href":"https:\/\/diariodominicano.com\/index.php?rest_route=\/wp\/v2\/posts\/661117","targetHints":{"allow":["GET"]}}],"collection":[{"href":"https:\/\/diariodominicano.com\/index.php?rest_route=\/wp\/v2\/posts"}],"about":[{"href":"https:\/\/diariodominicano.com\/index.php?rest_route=\/wp\/v2\/types\/post"}],"author":[{"embeddable":true,"href":"https:\/\/diariodominicano.com\/index.php?rest_route=\/wp\/v2\/users\/7"}],"replies":[{"embeddable":true,"href":"https:\/\/diariodominicano.com\/index.php?rest_route=%2Fwp%2Fv2%2Fcomments&post=661117"}],"version-history":[{"count":1,"href":"https:\/\/diariodominicano.com\/index.php?rest_route=\/wp\/v2\/posts\/661117\/revisions"}],"predecessor-version":[{"id":661151,"href":"https:\/\/diariodominicano.com\/index.php?rest_route=\/wp\/v2\/posts\/661117\/revisions\/661151"}],"wp:featuredmedia":[{"embeddable":true,"href":"https:\/\/diariodominicano.com\/index.php?rest_route=\/wp\/v2\/media\/661147"}],"wp:attachment":[{"href":"https:\/\/diariodominicano.com\/index.php?rest_route=%2Fwp%2Fv2%2Fmedia&parent=661117"}],"wp:term":[{"taxonomy":"category","embeddable":true,"href":"https:\/\/diariodominicano.com\/index.php?rest_route=%2Fwp%2Fv2%2Fcategories&post=661117"},{"taxonomy":"post_tag","embeddable":true,"href":"https:\/\/diariodominicano.com\/index.php?rest_route=%2Fwp%2Fv2%2Ftags&post=661117"}],"curies":[{"name":"wp","href":"https:\/\/api.w.org\/{rel}","templated":true}]}}