{"id":66111,"date":"2012-03-11T19:45:26","date_gmt":"2012-03-11T19:45:26","guid":{"rendered":"http:\/\/diariodominicano.ddns.net\/?p=66111"},"modified":"2012-03-11T19:45:26","modified_gmt":"2012-03-11T19:45:26","slug":"ocho-recibiran-premio-personalidad-cultural-2011","status":"publish","type":"post","link":"https:\/\/diariodominicano.com\/?p=66111","title":{"rendered":"Ocho recibir\u00e1n premio Personalidad Cultural 2011"},"content":{"rendered":"<p><body><\/p>\n<p><span class=\"text1noticias\">Santo Domingo, RD 11 marzo (3:42 pm).- El Ministerio de Cultura realizar\u00e1 el pr\u00f3ximo jueves 15 de marzo el acto de entrega del Premio Personalidad Cultural 2011, \u00abcon el cual se reconoce y estimula las mejores acciones y los mejores prop\u00f3sitos de personas que contribuyen, de manera efectiva, al desarrollo y proyecci\u00f3n de la cultura dominicana\u00bb.<\/span><\/p>\n<\/p>\n<p><span class=\"text1noticias\">El premio, que se entrega en su quinta edici\u00f3n, honrar\u00e1 este a\u00f1o a ocho personalidades en los campos del teatro, la m\u00fasica, la direcci\u00f3n orquestal, el cine, la literatura y el periodismo cultural.<\/span><\/p>\n<\/p>\n<p><span class=\"text1noticias\">El acto tendr\u00e1 lugar a las 6:00 de la tarde, en la Sala Aida Bonelly de D\u00edaz, del Teatro Nacional Eduardo Brito.<\/span><\/p>\n<\/p>\n<p><span class=\"text1noticias\">Las personalidades a ser honradas este a\u00f1o son el dramaturgo y actor Waddys J\u00e1quez, premiado por sus logros a nivel nacional e internacional, y por haber dirigido por primera vez la obra teatral \u00abLa barber\u00eda\u00bb en un teatro de Broadway; Virginia S\u00e1nchez Navarro, honrada por \u00abacentuar su carrera a nivel internacional como actriz, y haber presentado y dirigido en Brodway su primera obra teatral \u00abTrapped\u00bb.<\/span><\/p>\n<\/p>\n<p><span class=\"text1noticias\">Tambi\u00e9n, Anthony Oca\u00f1a, por su destacada y brillante trayectoria en el extranjero como compositor y guitarrista cl\u00e1sico y Leonardo de Le\u00f3n, por su labor como guionista y por haber recibido uno de los premios m\u00e1s importantes de Hollywood, Los \u00c1ngeles Movie Awards 2011, en el rengl\u00f3n \u00abAward of Excellence\u00bb.<\/span><\/p>\n<\/p>\n<p><span class=\"text1noticias\">Otros galardonados son los hermanos Jos\u00e9 Guillermo y Sarah Leyla Puello, el primero por su superaci\u00f3n en el campo de la m\u00fasica, siendo compositor y director orquestal en Estados Unidos, y la segunda por su brillante carrera profesional en la Universidad de Oxford, donde realiza estudios de una rama de la literatura y adem\u00e1s se destaca como editora ejecutiva de la revista \u00abOxonian Review\u00bb.<\/span><\/p>\n<\/p>\n<p><span class=\"text1noticias\">Recibir\u00e1n el importante galard\u00f3n que otorga el Ministerio de Cultura Santy Rodr\u00edguez, primer director de la Filarm\u00f3nica del Cibao; Miskhar N\u00fa\u00f1ez Mej\u00eda, destacado violinista en Estados Unidos; y Orlando Padilla-Faxas, por su brillante carrera musical, autor de la pieza sinf\u00f3nica \u00abBachata para Los Haitises\u00bb.(AD)<\/span>.- <\/p>\n<\/p>\n<\/p>\n<h6> 2012-03-11 19:45:26 <\/h6>\n<p><!--\n<link rel=\"stylesheet\" href=\"css\/bootstrap.min.css\">\n\n\n<ul class=\"pagination\">\n\t    \n\t\n\n<li >\n\t<a href='?page_no=17788'>Previous<\/a>\n\t<\/li>\n\n\n       \n    \n\n<li><a href='?page_no=1'>1<\/a><\/li>\n\n\n\n<li><a href='?page_no=2'>2<\/a><\/li>\n\n\n\n<li><a>...<\/a><\/li>\n\n\n\n<li><a href='?page_no=17787'>17787<\/a><\/li>\n\n\n\n<li><a href='?page_no=17788'>17788<\/a><\/li>\n\n\n\n<li class='active'><a>17789<\/a><\/li>\n\n\n\n<li><a href='?page_no=17790'>17790<\/a><\/li>\n\n\n\n<li><a href='?page_no=17791'>17791<\/a><\/li>\n\n\n\n<li><a>...<\/a><\/li>\n\n\n\n<li><a href='?page_no=22911'>22911<\/a><\/li>\n\n\n\n<li><a href='?page_no=22912'>22912<\/a><\/li>\n\n    \n\t\n\n<li >\n\t<a href='?page_no=17790'>Next<\/a>\n\t<\/li>\n\n\n    \n\n<li><a href='?page_no=22912'>Last &rsaquo;&rsaquo;<\/a><\/li>\n\n<\/ul>\n\n\n--><br \/>\n<\/body><\/p>\n","protected":false},"excerpt":{"rendered":"<p>Santo Domingo, RD 11 marzo (3:42 pm).- El Ministerio de Cultura realizar\u00e1 el pr\u00f3ximo jueves 15 de marzo el acto de entrega del Premio Personalidad Cultural 2011, \u00abcon el cual se reconoce y estimula las mejores acciones y los mejores prop\u00f3sitos de personas que contribuyen, de manera efectiva, al desarrollo y proyecci\u00f3n de la cultura [&hellip;]<\/p>\n","protected":false},"author":3,"featured_media":0,"comment_status":"open","ping_status":"open","sticky":false,"template":"","format":"standard","meta":{"footnotes":""},"categories":[21],"tags":[],"class_list":["post-66111","post","type-post","status-publish","format-standard","hentry","category-cultura"],"_links":{"self":[{"href":"https:\/\/diariodominicano.com\/index.php?rest_route=\/wp\/v2\/posts\/66111","targetHints":{"allow":["GET"]}}],"collection":[{"href":"https:\/\/diariodominicano.com\/index.php?rest_route=\/wp\/v2\/posts"}],"about":[{"href":"https:\/\/diariodominicano.com\/index.php?rest_route=\/wp\/v2\/types\/post"}],"author":[{"embeddable":true,"href":"https:\/\/diariodominicano.com\/index.php?rest_route=\/wp\/v2\/users\/3"}],"replies":[{"embeddable":true,"href":"https:\/\/diariodominicano.com\/index.php?rest_route=%2Fwp%2Fv2%2Fcomments&post=66111"}],"version-history":[{"count":0,"href":"https:\/\/diariodominicano.com\/index.php?rest_route=\/wp\/v2\/posts\/66111\/revisions"}],"wp:attachment":[{"href":"https:\/\/diariodominicano.com\/index.php?rest_route=%2Fwp%2Fv2%2Fmedia&parent=66111"}],"wp:term":[{"taxonomy":"category","embeddable":true,"href":"https:\/\/diariodominicano.com\/index.php?rest_route=%2Fwp%2Fv2%2Fcategories&post=66111"},{"taxonomy":"post_tag","embeddable":true,"href":"https:\/\/diariodominicano.com\/index.php?rest_route=%2Fwp%2Fv2%2Ftags&post=66111"}],"curies":[{"name":"wp","href":"https:\/\/api.w.org\/{rel}","templated":true}]}}