{"id":66110,"date":"2012-03-11T19:49:59","date_gmt":"2012-03-11T19:49:59","guid":{"rendered":"http:\/\/diariodominicano.ddns.net\/?p=66110"},"modified":"2012-03-11T19:49:59","modified_gmt":"2012-03-11T19:49:59","slug":"comienza-el-festival-de-teatro-emilio-aparicio","status":"publish","type":"post","link":"https:\/\/diariodominicano.com\/?p=66110","title":{"rendered":"Comienza el Festival de Teatro Emilio Aparicio"},"content":{"rendered":"<p><body><\/p>\n<p><span class=\"text1noticias\">Santo Domingo, RD 11 marzo (3:42 pm).- El Ministerio de Cultura inaugur\u00f3 el jueves el XII Festival Internacional de Teatro Aficionado Emilio Aparicio, el cual se estar\u00e1 desarrollando hasta el 31 de marzo en el Teatro Monina Sol\u00e1, del Centro Cultural Narciso Gonz\u00e1lez, en Villa Juana.<\/span><\/p>\n<p><span class=\"text1noticias\"> <\/span><\/p>\n<p><span class=\"text1noticias\">Durante todo este mes se estar\u00e1n presentando m\u00e1s de 30 agrupaciones nacionales e internacionales. Del pa\u00eds participar\u00e1n grupos teatrales de Santo Domingo, Santiago, Navarrete, Moca, Puerto Plata, Salcedo, La Romana y La Vega.<\/span><\/p>\n<p><span class=\"text1noticias\"> <\/span><\/p>\n<p><span class=\"text1noticias\">Basilio Nova, director del Centro Cultural Narciso Gonz\u00e1lez, dijo que el evento se enmarca dentro de la celebraci\u00f3n del 50\u00ba Aniversario del D\u00eda Internacional del Teatro y el 33\u00ba Aniversario del D\u00eda del Teatro Dominicano.<\/span><\/p>\n<p><span class=\"text1noticias\"> <\/span><\/p>\n<p><span class=\"text1noticias\">\u00abLas entradas tendr\u00e1n un costo m\u00ednimo de tan s\u00f3lo 25 pesos por persona y las funciones ser\u00e1n de lunes a viernes a las 10:00 de la ma\u00f1ana y 7:00 de la noche, y los fines de semana a las 6:00 de la tarde\u00bb, explic\u00f3 Nova.<\/span><\/p>\n<p><span class=\"text1noticias\"> <\/span><\/p>\n<p><span class=\"text1noticias\">Precis\u00f3 que este a\u00f1o habr\u00e1 una gran representaci\u00f3n internacional, con las compa\u00f1\u00edas teatrales Teatro New York, de Estados Unidos; Teatro Histri\u00f3n, de Cuba; Identikit, de Argentina; Mimo Chu\u00edn, de Colombia, y el Umbrella Teatro, de Venezuela.<\/span><\/p>\n<p><span class=\"text1noticias\"> <\/span><\/p>\n<p><span class=\"text1noticias\">Tambi\u00e9n el Kutaisi Theather, de Georgia (Rusia); el Centro Cultural Violeta Parra y Centro Experimental de Arte \u00abLa Casa Rodante\u00bb, de Chile; y Borinquen Producciones, Inc. y Teatro Colectivo, de Puerto Rico.<\/span><\/p>\n<p><span class=\"text1noticias\"> <\/span><\/p>\n<p><span class=\"text1noticias\">Nova dijo que la atractiva cartelera del Festival de Teatro Aficionado Emilio Aparicio ofrece una extraordinaria oportunidad a los centros escolares para que lleven a sus alumnos, ya que la misma contempla obras para todas las edades. \u00abComo siempre, este a\u00f1o se realizar\u00e1n m\u00e1s 20 talleres y charlas que ser\u00e1n impartidos por connotados teatristas dominicanos y directores de las agrupaciones internacionales invitadas al festival, como una forma de contribuir a elevar los niveles de formaci\u00f3n de los grupos y personas interesadas\u00bb, se\u00f1al\u00f3.<\/span><\/p>\n<p><span class=\"text1noticias\"> <\/span><\/p>\n<p><span class=\"text1noticias\">Finalmente el director del Centro Cultural Narciso Gonz\u00e1lez garantiz\u00f3 la variedad y calidad del festival que por 12 a\u00f1os consecutivos incentiva la labor art\u00edstica.(AD)<\/span>.<\/p>\n<\/p>\n<\/p>\n<h6> 2012-03-11 19:49:59 <\/h6>\n<p><!--\n<link rel=\"stylesheet\" href=\"css\/bootstrap.min.css\">\n\n\n<ul class=\"pagination\">\n\t    \n\t\n\n<li >\n\t<a href='?page_no=17787'>Previous<\/a>\n\t<\/li>\n\n\n       \n    \n\n<li><a href='?page_no=1'>1<\/a><\/li>\n\n\n\n<li><a href='?page_no=2'>2<\/a><\/li>\n\n\n\n<li><a>...<\/a><\/li>\n\n\n\n<li><a href='?page_no=17786'>17786<\/a><\/li>\n\n\n\n<li><a href='?page_no=17787'>17787<\/a><\/li>\n\n\n\n<li class='active'><a>17788<\/a><\/li>\n\n\n\n<li><a href='?page_no=17789'>17789<\/a><\/li>\n\n\n\n<li><a href='?page_no=17790'>17790<\/a><\/li>\n\n\n\n<li><a>...<\/a><\/li>\n\n\n\n<li><a href='?page_no=22911'>22911<\/a><\/li>\n\n\n\n<li><a href='?page_no=22912'>22912<\/a><\/li>\n\n    \n\t\n\n<li >\n\t<a href='?page_no=17789'>Next<\/a>\n\t<\/li>\n\n\n    \n\n<li><a href='?page_no=22912'>Last &rsaquo;&rsaquo;<\/a><\/li>\n\n<\/ul>\n\n\n--><br \/>\n<\/body><\/p>\n","protected":false},"excerpt":{"rendered":"<p>Santo Domingo, RD 11 marzo (3:42 pm).- El Ministerio de Cultura inaugur\u00f3 el jueves el XII Festival Internacional de Teatro Aficionado Emilio Aparicio, el cual se estar\u00e1 desarrollando hasta el 31 de marzo en el Teatro Monina Sol\u00e1, del Centro Cultural Narciso Gonz\u00e1lez, en Villa Juana. Durante todo este mes se estar\u00e1n presentando m\u00e1s de [&hellip;]<\/p>\n","protected":false},"author":3,"featured_media":0,"comment_status":"open","ping_status":"open","sticky":false,"template":"","format":"standard","meta":{"footnotes":""},"categories":[21],"tags":[],"class_list":["post-66110","post","type-post","status-publish","format-standard","hentry","category-cultura"],"_links":{"self":[{"href":"https:\/\/diariodominicano.com\/index.php?rest_route=\/wp\/v2\/posts\/66110","targetHints":{"allow":["GET"]}}],"collection":[{"href":"https:\/\/diariodominicano.com\/index.php?rest_route=\/wp\/v2\/posts"}],"about":[{"href":"https:\/\/diariodominicano.com\/index.php?rest_route=\/wp\/v2\/types\/post"}],"author":[{"embeddable":true,"href":"https:\/\/diariodominicano.com\/index.php?rest_route=\/wp\/v2\/users\/3"}],"replies":[{"embeddable":true,"href":"https:\/\/diariodominicano.com\/index.php?rest_route=%2Fwp%2Fv2%2Fcomments&post=66110"}],"version-history":[{"count":0,"href":"https:\/\/diariodominicano.com\/index.php?rest_route=\/wp\/v2\/posts\/66110\/revisions"}],"wp:attachment":[{"href":"https:\/\/diariodominicano.com\/index.php?rest_route=%2Fwp%2Fv2%2Fmedia&parent=66110"}],"wp:term":[{"taxonomy":"category","embeddable":true,"href":"https:\/\/diariodominicano.com\/index.php?rest_route=%2Fwp%2Fv2%2Fcategories&post=66110"},{"taxonomy":"post_tag","embeddable":true,"href":"https:\/\/diariodominicano.com\/index.php?rest_route=%2Fwp%2Fv2%2Ftags&post=66110"}],"curies":[{"name":"wp","href":"https:\/\/api.w.org\/{rel}","templated":true}]}}