{"id":66109,"date":"2012-03-11T21:59:53","date_gmt":"2012-03-11T21:59:53","guid":{"rendered":"http:\/\/diariodominicano.ddns.net\/?p=66109"},"modified":"2012-03-11T21:59:53","modified_gmt":"2012-03-11T21:59:53","slug":"gran-desfile-regional-de-carnaval-en-bonao","status":"publish","type":"post","link":"https:\/\/diariodominicano.com\/?p=66109","title":{"rendered":"Gran desfile regional de carnaval en Bonao"},"content":{"rendered":"<p><body><\/p>\n<p><span class=\"text1noticias\">Santo Domingo, RD 11 marzo (5:57 pm).- La diversi\u00f3n, la algarab\u00eda y el entretenimiento contin\u00faan este fin de semana y concluye  el domingo, con el \u00abGran Desfiles de Carnaval Regional\u00bb, con la participaci\u00f3n de m\u00e1s de 35 carrozas de diferentes provincias del pa\u00eds, que desfilar\u00e1n por la avenida Duarte lo que marcar\u00e1 el cierre de Carnaval de Bonao 2012, que en esta ocasi\u00f3n contar\u00e1 con la participaci\u00f3n art\u00edstica de Mozart La Para, Los Potros y Silvio Mora.<\/span><\/p>\n<p><span class=\"text1noticias\"> <\/span><\/p>\n<p><span class=\"text1noticias\">Concluir\u00e1 este domingo 11, con un gran desfile regional de Carnaval en la memoria a uno de los grandes hombres que ha dado esta tierra, el maestro C\u00e1ndido Bid\u00f3, el cual iniciar\u00e1 a las dos de la tarde y cerrar\u00e1 con un show en el parque la Delicia<\/span><\/p>\n<p><span class=\"text1noticias\"> <\/span><\/p>\n<p><span class=\"text1noticias\">El desfile ser\u00e1 encabezado por Amet, seguido por los Bomberos, La Reina y el Rey del Carnaval Bonao 2012, Los Pintaos de Barahona, los Toros y Civiles de Montecristi, los Taim\u00e1scaros de Puerto Plata, Los Indios de Azua, Roba La Gallina y Fantas\u00edas Ban\u00ed, GA- GA de San Luis, Los Judas de Navarrete, Los Diablos de Jarabacoa, San Crist\u00f3bal, Villa Altagracia, San Francisco de Macor\u00eds, de Fantino, Pimentel, Castillo, Maimon y Sonado.<\/span><\/p>\n<p><span class=\"text1noticias\"> <\/span><\/p>\n<p><span class=\"text1noticias\">Tambi\u00e9n desfilar\u00e1n Los Broncos de La Vega, Raudy Torres y Los Duares de Santiago, Los Joyeros de Santiago, los Wampa, Papeluses y Platanuses de Cotu\u00ed, Canillita, Roba La Gallina, Comparsa Margarita de Santo Domingo Norte y la Comparsa Marleny de Santo Domingo Oeste, entre otras.(AD)<\/span>.<\/p>\n<\/p>\n<h6> 2012-03-11 21:59:53 <\/h6>\n<p><!--\n<link rel=\"stylesheet\" href=\"css\/bootstrap.min.css\">\n\n\n<ul class=\"pagination\">\n\t    \n\t\n\n<li >\n\t<a href='?page_no=17786'>Previous<\/a>\n\t<\/li>\n\n\n       \n    \n\n<li><a href='?page_no=1'>1<\/a><\/li>\n\n\n\n<li><a href='?page_no=2'>2<\/a><\/li>\n\n\n\n<li><a>...<\/a><\/li>\n\n\n\n<li><a href='?page_no=17785'>17785<\/a><\/li>\n\n\n\n<li><a href='?page_no=17786'>17786<\/a><\/li>\n\n\n\n<li class='active'><a>17787<\/a><\/li>\n\n\n\n<li><a href='?page_no=17788'>17788<\/a><\/li>\n\n\n\n<li><a href='?page_no=17789'>17789<\/a><\/li>\n\n\n\n<li><a>...<\/a><\/li>\n\n\n\n<li><a href='?page_no=22911'>22911<\/a><\/li>\n\n\n\n<li><a href='?page_no=22912'>22912<\/a><\/li>\n\n    \n\t\n\n<li >\n\t<a href='?page_no=17788'>Next<\/a>\n\t<\/li>\n\n\n    \n\n<li><a href='?page_no=22912'>Last &rsaquo;&rsaquo;<\/a><\/li>\n\n<\/ul>\n\n\n--><br \/>\n<\/body><\/p>\n","protected":false},"excerpt":{"rendered":"<p>Santo Domingo, RD 11 marzo (5:57 pm).- La diversi\u00f3n, la algarab\u00eda y el entretenimiento contin\u00faan este fin de semana y concluye el domingo, con el \u00abGran Desfiles de Carnaval Regional\u00bb, con la participaci\u00f3n de m\u00e1s de 35 carrozas de diferentes provincias del pa\u00eds, que desfilar\u00e1n por la avenida Duarte lo que marcar\u00e1 el cierre de [&hellip;]<\/p>\n","protected":false},"author":3,"featured_media":0,"comment_status":"open","ping_status":"open","sticky":false,"template":"","format":"standard","meta":{"footnotes":""},"categories":[21],"tags":[],"class_list":["post-66109","post","type-post","status-publish","format-standard","hentry","category-cultura"],"_links":{"self":[{"href":"https:\/\/diariodominicano.com\/index.php?rest_route=\/wp\/v2\/posts\/66109","targetHints":{"allow":["GET"]}}],"collection":[{"href":"https:\/\/diariodominicano.com\/index.php?rest_route=\/wp\/v2\/posts"}],"about":[{"href":"https:\/\/diariodominicano.com\/index.php?rest_route=\/wp\/v2\/types\/post"}],"author":[{"embeddable":true,"href":"https:\/\/diariodominicano.com\/index.php?rest_route=\/wp\/v2\/users\/3"}],"replies":[{"embeddable":true,"href":"https:\/\/diariodominicano.com\/index.php?rest_route=%2Fwp%2Fv2%2Fcomments&post=66109"}],"version-history":[{"count":0,"href":"https:\/\/diariodominicano.com\/index.php?rest_route=\/wp\/v2\/posts\/66109\/revisions"}],"wp:attachment":[{"href":"https:\/\/diariodominicano.com\/index.php?rest_route=%2Fwp%2Fv2%2Fmedia&parent=66109"}],"wp:term":[{"taxonomy":"category","embeddable":true,"href":"https:\/\/diariodominicano.com\/index.php?rest_route=%2Fwp%2Fv2%2Fcategories&post=66109"},{"taxonomy":"post_tag","embeddable":true,"href":"https:\/\/diariodominicano.com\/index.php?rest_route=%2Fwp%2Fv2%2Ftags&post=66109"}],"curies":[{"name":"wp","href":"https:\/\/api.w.org\/{rel}","templated":true}]}}