{"id":66107,"date":"2012-03-11T22:43:33","date_gmt":"2012-03-11T22:43:33","guid":{"rendered":"http:\/\/diariodominicano.ddns.net\/?p=66107"},"modified":"2012-03-11T22:43:33","modified_gmt":"2012-03-11T22:43:33","slug":"intelectuales-de-seis-paises-asistiran-a-coloquio-y-festival-nicolas-guillen","status":"publish","type":"post","link":"https:\/\/diariodominicano.com\/?p=66107","title":{"rendered":"Intelectuales de seis pa\u00edses asistir\u00e1n a Coloquio y Festival Nicol\u00e1s Guill\u00e9n"},"content":{"rendered":"<p><body><\/p>\n<p><span class=\"text1noticias\">La Habana, Cuba, 11 marzo (6:40 pm).-Intelectuales y artistas de seis pa\u00edses participar\u00e1n en el VIII Coloquio y Festival Internacional de m\u00fasica y poes\u00eda Nicol\u00e1s Guill\u00e9n que se celebrar\u00e1 en la Habana del 2 al 6 de abril pr\u00f3ximo, anunciaron este domingo medios locales.<\/span><\/p>\n<p><span class=\"text1noticias\">Representantes de Colombia, Chile, Argentina, Honduras, Canad\u00e1 y Estados Unidos han confirmado su asistencia al evento que organiza la Fundaci\u00f3n que lleva el nombre del poeta nacional Nicol\u00e1s Guill\u00e9n (1902-1989), a quien rendir\u00e1 homenaje en el aniversario 110 de su natalicio.<\/span><\/p>\n<p><span class=\"text1noticias\">Tambi\u00e9n conmemorar\u00e1 el bicentenario de la conspiraci\u00f3n del movimiento abolicionista de la esclavitud en Cuba, encabezado por Jos\u00e9 Antonio Aponte, as\u00ed como la represi\u00f3n a la rebeli\u00f3n protagonizada por antiguos esclavos integrantes del partido \u00abIndependientes de Color\u00bb, que en 1912 cost\u00f3 la vida miles de ellos.<\/span><\/p>\n<p><span class=\"text1noticias\">Durante el encuentro se analizar\u00e1n temas como \u00abLa cuesti\u00f3n negra en el arte y la literatura\u00bb, \u00abGrandes personalidades antirracistas\u00bb, \u00abLa forma de rebeld\u00eda en \u00c1frica\u00bb y \u00abTrascendencia hist\u00f3rica de la conspiraci\u00f3n de Aponte\u00bb.<\/span><\/p>\n<p><span class=\"text1noticias\">Adem\u00e1s est\u00e1n previstos conciertos, recitales de poemas y exposiciones de artes pl\u00e1sticas(AD)<\/span>.<\/p>\n<h6> 2012-03-11 22:43:33 <\/h6>\n<p><!--\n<link rel=\"stylesheet\" href=\"css\/bootstrap.min.css\">\n\n\n<ul class=\"pagination\">\n\t    \n\t\n\n<li >\n\t<a href='?page_no=17784'>Previous<\/a>\n\t<\/li>\n\n\n       \n    \n\n<li><a href='?page_no=1'>1<\/a><\/li>\n\n\n\n<li><a href='?page_no=2'>2<\/a><\/li>\n\n\n\n<li><a>...<\/a><\/li>\n\n\n\n<li><a href='?page_no=17783'>17783<\/a><\/li>\n\n\n\n<li><a href='?page_no=17784'>17784<\/a><\/li>\n\n\n\n<li class='active'><a>17785<\/a><\/li>\n\n\n\n<li><a href='?page_no=17786'>17786<\/a><\/li>\n\n\n\n<li><a href='?page_no=17787'>17787<\/a><\/li>\n\n\n\n<li><a>...<\/a><\/li>\n\n\n\n<li><a href='?page_no=22911'>22911<\/a><\/li>\n\n\n\n<li><a href='?page_no=22912'>22912<\/a><\/li>\n\n    \n\t\n\n<li >\n\t<a href='?page_no=17786'>Next<\/a>\n\t<\/li>\n\n\n    \n\n<li><a href='?page_no=22912'>Last &rsaquo;&rsaquo;<\/a><\/li>\n\n<\/ul>\n\n\n--><br \/>\n<\/body><\/p>\n","protected":false},"excerpt":{"rendered":"<p>La Habana, Cuba, 11 marzo (6:40 pm).-Intelectuales y artistas de seis pa\u00edses participar\u00e1n en el VIII Coloquio y Festival Internacional de m\u00fasica y poes\u00eda Nicol\u00e1s Guill\u00e9n que se celebrar\u00e1 en la Habana del 2 al 6 de abril pr\u00f3ximo, anunciaron este domingo medios locales. Representantes de Colombia, Chile, Argentina, Honduras, Canad\u00e1 y Estados Unidos han [&hellip;]<\/p>\n","protected":false},"author":3,"featured_media":0,"comment_status":"open","ping_status":"open","sticky":false,"template":"","format":"standard","meta":{"footnotes":""},"categories":[21],"tags":[],"class_list":["post-66107","post","type-post","status-publish","format-standard","hentry","category-cultura"],"_links":{"self":[{"href":"https:\/\/diariodominicano.com\/index.php?rest_route=\/wp\/v2\/posts\/66107","targetHints":{"allow":["GET"]}}],"collection":[{"href":"https:\/\/diariodominicano.com\/index.php?rest_route=\/wp\/v2\/posts"}],"about":[{"href":"https:\/\/diariodominicano.com\/index.php?rest_route=\/wp\/v2\/types\/post"}],"author":[{"embeddable":true,"href":"https:\/\/diariodominicano.com\/index.php?rest_route=\/wp\/v2\/users\/3"}],"replies":[{"embeddable":true,"href":"https:\/\/diariodominicano.com\/index.php?rest_route=%2Fwp%2Fv2%2Fcomments&post=66107"}],"version-history":[{"count":0,"href":"https:\/\/diariodominicano.com\/index.php?rest_route=\/wp\/v2\/posts\/66107\/revisions"}],"wp:attachment":[{"href":"https:\/\/diariodominicano.com\/index.php?rest_route=%2Fwp%2Fv2%2Fmedia&parent=66107"}],"wp:term":[{"taxonomy":"category","embeddable":true,"href":"https:\/\/diariodominicano.com\/index.php?rest_route=%2Fwp%2Fv2%2Fcategories&post=66107"},{"taxonomy":"post_tag","embeddable":true,"href":"https:\/\/diariodominicano.com\/index.php?rest_route=%2Fwp%2Fv2%2Ftags&post=66107"}],"curies":[{"name":"wp","href":"https:\/\/api.w.org\/{rel}","templated":true}]}}