{"id":66106,"date":"2012-03-12T15:30:53","date_gmt":"2012-03-12T15:30:53","guid":{"rendered":"http:\/\/diariodominicano.ddns.net\/?p=66106"},"modified":"2012-03-12T15:30:53","modified_gmt":"2012-03-12T15:30:53","slug":"evocan-legado-del-escritor-chileno-jose-miguel-varas","status":"publish","type":"post","link":"https:\/\/diariodominicano.com\/?p=66106","title":{"rendered":"Evocan legado del escritor chileno Jos\u00e9 Miguel Varas"},"content":{"rendered":"<p><body><\/p>\n<p><img decoding=\"async\" src=\"img3\/chile josemiguelvaras.jpg\" \/>  <\/p>\n<p><span class=\"text1noticias\">\t \t \t <\/span><\/p>\n<p><span class=\"text1noticias\">  <\/span><\/p>\n<p><span class=\"text1noticias\">11:30 am Santiago de Chile, 12 mar (PL) Intelectuales chilenos rendir\u00e1n hoy homenaje al destacado escritor y periodista chileno Jos\u00e9 Miguel Varas (1928-2011), en ocasi\u00f3n del aniversario 84 de su natalicio.<\/span><\/p>\n<\/p>\n<p><span class=\"text1noticias\">El tributo tendr\u00e1 como sede el Museo de la Memoria y los Derechos Humanos de Chile, auspiciador de la iniciativa junto a la casa editorial LOM.<\/span><\/p>\n<\/p>\n<p><span class=\"text1noticias\">Varas, quien muri\u00f3 el 23 de septiembre \u00faltimo, era reconocido por la versatilidad de su pluma que lo llev\u00f3 a incursionar en el cuento, la novela, la biograf\u00eda y el periodismo.<\/span><\/p>\n<\/p>\n<p><span class=\"text1noticias\">El Premio Nacional de Literatura en Chile en 2006 fue adem\u00e1s un hombre de un profundo compromiso social, militante del Partido Comunista y director de emblem\u00e1ticas publicaciones de la izquierda en su pa\u00eds, como el diario El Siglo.<\/span><\/p>\n<\/p>\n<p><span class=\"text1noticias\">Por eso no escatim\u00f3 esfuerzos en el aporte a la tarea de construir paso a paso el movimiento popular que desemboc\u00f3 en el triunfo de Salvador Allende como presidente de la Rep\u00fablica, record\u00f3 en su multitudinaria despedida el arquitecto chileno Miguel Lawner, amigo cercano de Varas.<\/span><\/p>\n<\/p>\n<p><span class=\"text1noticias\">Trascendi\u00f3 tambi\u00e9n el homenajeado por su destreza y pasi\u00f3n por el periodismo y en particular por la radio, donde ejerci\u00f3 como locutor y comentarista.<\/span><\/p>\n<\/p>\n<p><span class=\"text1noticias\">Luego del golpe de Estado de 1973, desde el exilio en la Uni\u00f3n Sovi\u00e9tica, Varas se convirti\u00f3 en una voz emblem\u00e1tica de Radio Mosc\u00fa con el programa \u00abEscucha Chile\u00bb.<\/span><\/p>\n<\/p>\n<p><span class=\"text1noticias\">Ese espacio de dos horas diarias \u00abnos trajo la verdad, sistem\u00e1ticamente tergiversada por la dictadura, infundi\u00e9ndonos fuerza y \u00e1nimo para soportar tantos cr\u00edmenes y vejaciones\u00bb, rememor\u00f3 Lawner.<\/span><\/p>\n<\/p>\n<p><span class=\"text1noticias\">\u00abNo hay metro, sentenci\u00f3, que pueda calibrar la colosal contribuci\u00f3n de ese programa\u00bb.<\/span><\/p>\n<\/p>\n<p><span class=\"text1noticias\">Tras la ca\u00edda de la dictadura, Varas retorn\u00f3 a su patria y a la literatura, de la que dej\u00f3 una extensa obra, entre la que se ubican t\u00edtulos como \u00abCahu\u00edn\u00bb, (cuentos, 1946), \u00abChac\u00f3n\u00bb (biograf\u00eda novelada, 1967), \u00abLugares comunes\u00bb, (cuentos, 1968) y \u00abNeruda y el huevo de Damocles\u00bb (1992).<\/span><\/p>\n<\/p>\n<p><span class=\"text1noticias\">Asimismo \u00abEl correo de Bagdad\u00bb, (novela, 1994), \u00abLa novela de Galvarino y Elena\u00bb (biograf\u00eda novelada, 1995), \u00abCuentos de ciudad\u00bb (1997), \u00abCuentos completos\u00bb (2001), \u00abNeruda clandestino\u00bb (cr\u00f3nica, 2003) y \u00abLos sue\u00f1os del pintor\u00bb (novela, 2005), entre otras<\/span>.<\/p>\n<\/p>\n<p><span class=\"text1noticias\">MC<\/span><\/p>\n<h6> 2012-03-12 15:30:53 <\/h6>\n<p><!--\n<link rel=\"stylesheet\" href=\"css\/bootstrap.min.css\">\n\n\n<ul class=\"pagination\">\n\t    \n\t\n\n<li >\n\t<a href='?page_no=17783'>Previous<\/a>\n\t<\/li>\n\n\n       \n    \n\n<li><a href='?page_no=1'>1<\/a><\/li>\n\n\n\n<li><a href='?page_no=2'>2<\/a><\/li>\n\n\n\n<li><a>...<\/a><\/li>\n\n\n\n<li><a href='?page_no=17782'>17782<\/a><\/li>\n\n\n\n<li><a href='?page_no=17783'>17783<\/a><\/li>\n\n\n\n<li class='active'><a>17784<\/a><\/li>\n\n\n\n<li><a href='?page_no=17785'>17785<\/a><\/li>\n\n\n\n<li><a href='?page_no=17786'>17786<\/a><\/li>\n\n\n\n<li><a>...<\/a><\/li>\n\n\n\n<li><a href='?page_no=22911'>22911<\/a><\/li>\n\n\n\n<li><a href='?page_no=22912'>22912<\/a><\/li>\n\n    \n\t\n\n<li >\n\t<a href='?page_no=17785'>Next<\/a>\n\t<\/li>\n\n\n    \n\n<li><a href='?page_no=22912'>Last &rsaquo;&rsaquo;<\/a><\/li>\n\n<\/ul>\n\n\n--><br \/>\n<\/body><\/p>\n","protected":false},"excerpt":{"rendered":"<p>11:30 am Santiago de Chile, 12 mar (PL) Intelectuales chilenos rendir\u00e1n hoy homenaje al destacado escritor y periodista chileno Jos\u00e9 Miguel Varas (1928-2011), en ocasi\u00f3n del aniversario 84 de su natalicio. El tributo tendr\u00e1 como sede el Museo de la Memoria y los Derechos Humanos de Chile, auspiciador de la iniciativa junto a la casa [&hellip;]<\/p>\n","protected":false},"author":3,"featured_media":0,"comment_status":"open","ping_status":"open","sticky":false,"template":"","format":"standard","meta":{"footnotes":""},"categories":[21],"tags":[],"class_list":["post-66106","post","type-post","status-publish","format-standard","hentry","category-cultura"],"_links":{"self":[{"href":"https:\/\/diariodominicano.com\/index.php?rest_route=\/wp\/v2\/posts\/66106","targetHints":{"allow":["GET"]}}],"collection":[{"href":"https:\/\/diariodominicano.com\/index.php?rest_route=\/wp\/v2\/posts"}],"about":[{"href":"https:\/\/diariodominicano.com\/index.php?rest_route=\/wp\/v2\/types\/post"}],"author":[{"embeddable":true,"href":"https:\/\/diariodominicano.com\/index.php?rest_route=\/wp\/v2\/users\/3"}],"replies":[{"embeddable":true,"href":"https:\/\/diariodominicano.com\/index.php?rest_route=%2Fwp%2Fv2%2Fcomments&post=66106"}],"version-history":[{"count":0,"href":"https:\/\/diariodominicano.com\/index.php?rest_route=\/wp\/v2\/posts\/66106\/revisions"}],"wp:attachment":[{"href":"https:\/\/diariodominicano.com\/index.php?rest_route=%2Fwp%2Fv2%2Fmedia&parent=66106"}],"wp:term":[{"taxonomy":"category","embeddable":true,"href":"https:\/\/diariodominicano.com\/index.php?rest_route=%2Fwp%2Fv2%2Fcategories&post=66106"},{"taxonomy":"post_tag","embeddable":true,"href":"https:\/\/diariodominicano.com\/index.php?rest_route=%2Fwp%2Fv2%2Ftags&post=66106"}],"curies":[{"name":"wp","href":"https:\/\/api.w.org\/{rel}","templated":true}]}}