{"id":66105,"date":"2012-03-12T16:35:20","date_gmt":"2012-03-12T16:35:20","guid":{"rendered":"http:\/\/diariodominicano.ddns.net\/?p=66105"},"modified":"2012-03-12T16:35:20","modified_gmt":"2012-03-12T16:35:20","slug":"holguin-veras-dictara-conferencia-sobre-politica-cultural-de-estado","status":"publish","type":"post","link":"https:\/\/diariodominicano.com\/?p=66105","title":{"rendered":"&#13;Holgu\u00edn Veras dictar\u00e1 conferencia sobre pol\u00edtica  cultural de Estado&#13;"},"content":{"rendered":"<p><body><\/p>\n<p><img decoding=\"async\" src=\"img3\/CHARLISTA.JPG\" \/>  <\/p>\n<p><span class=\"text1noticias\">12:35 pm, Santo Domingo, RD, 12 marzo.- El doctor Oscar Holgu\u00edn Veras dictar\u00e1 una conferencia titulada \u00abPol\u00edtica Cultural de Estado\u00bb, este lunes 12 de marzo, en el Comando de Campa\u00f1a del candidato presidencial del Partido de la Liberaci\u00f3n Dominicana, Danilo Medina.<\/span><\/p>\n<p><span class=\"text1noticias\"> <\/span><\/p>\n<p><span class=\"text1noticias\">La actividad se realizar\u00e1 a las 8:00 de la noche en el sal\u00f3n principal del Comando de Campa\u00f1a de Danilo Medina, ubicado en la avenida Sarasota.<\/span><\/p>\n<p><span class=\"text1noticias\"> <\/span><\/p>\n<p><span class=\"text1noticias\">La conferencia que ofrecer\u00e1 Oscar Holgu\u00edn Veras es auspiciada por el movimiento pol\u00edtico \u00abAvalancha\u00bb.<\/span><\/p>\n<p><span class=\"text1noticias\"> <\/span><\/p>\n<p><span class=\"text1noticias\">El doctor Oscar Holgu\u00edn Veras es el coordinador nacional de la Comisi\u00f3n Nacional de Cultura Danilo Medina Presidente.<\/span><\/p>\n<p><span class=\"text1noticias\"> <\/span><\/p>\n<p><span class=\"text1noticias\">Holgu\u00edn Veras es narrador, poeta y pintor, de larga trayectoria por la cultura, con m\u00e1s de tres d\u00e9cadas  de militancia pelede\u00edsta y de puro pensamiento bochista.<\/span><\/p>\n<p><span class=\"text1noticias\"> <\/span><\/p>\n<p><span class=\"text1noticias\">Ha viajado por todo el pa\u00eds, haciendo contactos con los trabajadores culturales de toda \u00edndole, para saber por s\u00ed mismo las necesidades y precariedades del sector cultural.<\/span><\/p>\n<p><span class=\"text1noticias\"> <\/span><\/p>\n<p><span class=\"text1noticias\">Ver\u00e1s es odont\u00f3logo y profesor meritorio de la Universidad Aut\u00f3noma de Santo Domingo y de la Universidad Central del Este<\/span>.<\/p>\n<\/p>\n<p>MC<\/p>\n<\/p>\n<\/p>\n<\/p>\n<h6> 2012-03-12 16:35:20 <\/h6>\n<p><!--\n<link rel=\"stylesheet\" href=\"css\/bootstrap.min.css\">\n\n\n<ul class=\"pagination\">\n\t    \n\t\n\n<li >\n\t<a href='?page_no=17782'>Previous<\/a>\n\t<\/li>\n\n\n       \n    \n\n<li><a href='?page_no=1'>1<\/a><\/li>\n\n\n\n<li><a href='?page_no=2'>2<\/a><\/li>\n\n\n\n<li><a>...<\/a><\/li>\n\n\n\n<li><a href='?page_no=17781'>17781<\/a><\/li>\n\n\n\n<li><a href='?page_no=17782'>17782<\/a><\/li>\n\n\n\n<li class='active'><a>17783<\/a><\/li>\n\n\n\n<li><a href='?page_no=17784'>17784<\/a><\/li>\n\n\n\n<li><a href='?page_no=17785'>17785<\/a><\/li>\n\n\n\n<li><a>...<\/a><\/li>\n\n\n\n<li><a href='?page_no=22911'>22911<\/a><\/li>\n\n\n\n<li><a href='?page_no=22912'>22912<\/a><\/li>\n\n    \n\t\n\n<li >\n\t<a href='?page_no=17784'>Next<\/a>\n\t<\/li>\n\n\n    \n\n<li><a href='?page_no=22912'>Last &rsaquo;&rsaquo;<\/a><\/li>\n\n<\/ul>\n\n\n--><br \/>\n<\/body><\/p>\n","protected":false},"excerpt":{"rendered":"<p>12:35 pm, Santo Domingo, RD, 12 marzo.- El doctor Oscar Holgu\u00edn Veras dictar\u00e1 una conferencia titulada \u00abPol\u00edtica Cultural de Estado\u00bb, este lunes 12 de marzo, en el Comando de Campa\u00f1a del candidato presidencial del Partido de la Liberaci\u00f3n Dominicana, Danilo Medina. La actividad se realizar\u00e1 a las 8:00 de la noche en el sal\u00f3n principal [&hellip;]<\/p>\n","protected":false},"author":3,"featured_media":0,"comment_status":"open","ping_status":"open","sticky":false,"template":"","format":"standard","meta":{"footnotes":""},"categories":[21],"tags":[],"class_list":["post-66105","post","type-post","status-publish","format-standard","hentry","category-cultura"],"_links":{"self":[{"href":"https:\/\/diariodominicano.com\/index.php?rest_route=\/wp\/v2\/posts\/66105","targetHints":{"allow":["GET"]}}],"collection":[{"href":"https:\/\/diariodominicano.com\/index.php?rest_route=\/wp\/v2\/posts"}],"about":[{"href":"https:\/\/diariodominicano.com\/index.php?rest_route=\/wp\/v2\/types\/post"}],"author":[{"embeddable":true,"href":"https:\/\/diariodominicano.com\/index.php?rest_route=\/wp\/v2\/users\/3"}],"replies":[{"embeddable":true,"href":"https:\/\/diariodominicano.com\/index.php?rest_route=%2Fwp%2Fv2%2Fcomments&post=66105"}],"version-history":[{"count":0,"href":"https:\/\/diariodominicano.com\/index.php?rest_route=\/wp\/v2\/posts\/66105\/revisions"}],"wp:attachment":[{"href":"https:\/\/diariodominicano.com\/index.php?rest_route=%2Fwp%2Fv2%2Fmedia&parent=66105"}],"wp:term":[{"taxonomy":"category","embeddable":true,"href":"https:\/\/diariodominicano.com\/index.php?rest_route=%2Fwp%2Fv2%2Fcategories&post=66105"},{"taxonomy":"post_tag","embeddable":true,"href":"https:\/\/diariodominicano.com\/index.php?rest_route=%2Fwp%2Fv2%2Ftags&post=66105"}],"curies":[{"name":"wp","href":"https:\/\/api.w.org\/{rel}","templated":true}]}}