{"id":66104,"date":"2012-03-12T19:16:48","date_gmt":"2012-03-12T19:16:48","guid":{"rendered":"http:\/\/diariodominicano.ddns.net\/?p=66104"},"modified":"2012-03-12T19:16:48","modified_gmt":"2012-03-12T19:16:48","slug":"cultura-realiza-programa-inicia-tu-propia-biblioteca","status":"publish","type":"post","link":"https:\/\/diariodominicano.com\/?p=66104","title":{"rendered":"Cultura realiza programa \u00abInicia tu propia biblioteca\u00bb"},"content":{"rendered":"<p><body><\/p>\n<p><img decoding=\"async\" src=\"img3\/libros.JPG\" \/>  <\/p>\n<p><span class=\"text1noticias\">Rep.Dom, 12 de Marzo 03:19 P.M.-Como parte de las actividades de la pr\u00f3xima Feria Internacional del Libro de Santo Domingo, el Ministerio de Cultura (MINC), a trav\u00e9s de Direcci\u00f3n General de la Feria del Libro y la Direcci\u00f3n General del Libro y la Lectura, ha iniciado un novedoso programa de creaci\u00f3n de bibliotecas en la Rep\u00fablica Dominicana.<\/span><\/p>\n<\/p>\n<p><span class=\"text1noticias\">El programa \u00abInicia tu propia biblioteca\u00bb busca promover la creaci\u00f3n de espacios de lectura y fomentar la literatura nacional por medio de donaciones de libros, para crear bibliotecas familiares, institucionales o comunitarias. <\/span><\/p>\n<\/p>\n<p><span class=\"text1noticias\">El MINC donar\u00e1 entre 25 y 300 libros para bibliotecas personales, y entre 400 y 1000 libros para bibliotecas institucionales. Todos los libros ser\u00e1n de autores dominicanos. El programa no aplica para empresas comerciales ni para instituciones que ya posean biblioteca.<\/span><\/p>\n<\/p>\n<p><span class=\"text1noticias\">Los requisitos para solicitar son: nombre de la persona o instituci\u00f3n, edad, tipo de biblioteca (privada o institucional), direcci\u00f3n, email y tel\u00e9fono. La solicitud puede ser enviada a: bibliotecaenconstruccionminc@hotmail.com, o personalmente en la Direcci\u00f3n General del Libro y la Lectura, en horario de 9:00 de la ma\u00f1ana a 4:00 de la tarde, de lunes a viernes, antes del 10 de abril.<\/span><\/p>\n<\/p>\n<p><span class=\"text1noticias\">Un representante  de la Direcci\u00f3n General del Libro y la Lectura visitar\u00e1 los lugares que soliciten, para determinar el aporte bibliogr\u00e1fico apropiado en cada caso.<\/span><\/p>\n<\/p>\n<p><span class=\"text1noticias\">La biblioteca puede ser creada en una casa familiar o en un lugar p\u00fablico, para tu familia o tu comunidad, mientras tenga la estanter\u00eda adecuada, MINC aporta los libros necesarios para la creaci\u00f3n de una sociedad de lectores<\/span>.<span class=\"text1noticias\">(HG)<\/span>.<\/p>\n<\/p>\n<h6> 2012-03-12 19:16:48 <\/h6>\n<p><!--\n<link rel=\"stylesheet\" href=\"css\/bootstrap.min.css\">\n\n\n<ul class=\"pagination\">\n\t    \n\t\n\n<li >\n\t<a href='?page_no=17781'>Previous<\/a>\n\t<\/li>\n\n\n       \n    \n\n<li><a href='?page_no=1'>1<\/a><\/li>\n\n\n\n<li><a href='?page_no=2'>2<\/a><\/li>\n\n\n\n<li><a>...<\/a><\/li>\n\n\n\n<li><a href='?page_no=17780'>17780<\/a><\/li>\n\n\n\n<li><a href='?page_no=17781'>17781<\/a><\/li>\n\n\n\n<li class='active'><a>17782<\/a><\/li>\n\n\n\n<li><a href='?page_no=17783'>17783<\/a><\/li>\n\n\n\n<li><a href='?page_no=17784'>17784<\/a><\/li>\n\n\n\n<li><a>...<\/a><\/li>\n\n\n\n<li><a href='?page_no=22911'>22911<\/a><\/li>\n\n\n\n<li><a href='?page_no=22912'>22912<\/a><\/li>\n\n    \n\t\n\n<li >\n\t<a href='?page_no=17783'>Next<\/a>\n\t<\/li>\n\n\n    \n\n<li><a href='?page_no=22912'>Last &rsaquo;&rsaquo;<\/a><\/li>\n\n<\/ul>\n\n\n--><br \/>\n<\/body><\/p>\n","protected":false},"excerpt":{"rendered":"<p>Rep.Dom, 12 de Marzo 03:19 P.M.-Como parte de las actividades de la pr\u00f3xima Feria Internacional del Libro de Santo Domingo, el Ministerio de Cultura (MINC), a trav\u00e9s de Direcci\u00f3n General de la Feria del Libro y la Direcci\u00f3n General del Libro y la Lectura, ha iniciado un novedoso programa de creaci\u00f3n de bibliotecas en la [&hellip;]<\/p>\n","protected":false},"author":3,"featured_media":0,"comment_status":"open","ping_status":"open","sticky":false,"template":"","format":"standard","meta":{"footnotes":""},"categories":[21],"tags":[],"class_list":["post-66104","post","type-post","status-publish","format-standard","hentry","category-cultura"],"_links":{"self":[{"href":"https:\/\/diariodominicano.com\/index.php?rest_route=\/wp\/v2\/posts\/66104","targetHints":{"allow":["GET"]}}],"collection":[{"href":"https:\/\/diariodominicano.com\/index.php?rest_route=\/wp\/v2\/posts"}],"about":[{"href":"https:\/\/diariodominicano.com\/index.php?rest_route=\/wp\/v2\/types\/post"}],"author":[{"embeddable":true,"href":"https:\/\/diariodominicano.com\/index.php?rest_route=\/wp\/v2\/users\/3"}],"replies":[{"embeddable":true,"href":"https:\/\/diariodominicano.com\/index.php?rest_route=%2Fwp%2Fv2%2Fcomments&post=66104"}],"version-history":[{"count":0,"href":"https:\/\/diariodominicano.com\/index.php?rest_route=\/wp\/v2\/posts\/66104\/revisions"}],"wp:attachment":[{"href":"https:\/\/diariodominicano.com\/index.php?rest_route=%2Fwp%2Fv2%2Fmedia&parent=66104"}],"wp:term":[{"taxonomy":"category","embeddable":true,"href":"https:\/\/diariodominicano.com\/index.php?rest_route=%2Fwp%2Fv2%2Fcategories&post=66104"},{"taxonomy":"post_tag","embeddable":true,"href":"https:\/\/diariodominicano.com\/index.php?rest_route=%2Fwp%2Fv2%2Ftags&post=66104"}],"curies":[{"name":"wp","href":"https:\/\/api.w.org\/{rel}","templated":true}]}}