{"id":66103,"date":"2012-03-12T19:43:08","date_gmt":"2012-03-12T19:43:08","guid":{"rendered":"http:\/\/diariodominicano.ddns.net\/?p=66103"},"modified":"2012-03-12T19:43:08","modified_gmt":"2012-03-12T19:43:08","slug":"18-personalidades-seran-honradas-con-sus-nombres-a-calles-y-dias-de-la-feria-del-libro","status":"publish","type":"post","link":"https:\/\/diariodominicano.com\/?p=66103","title":{"rendered":"18 personalidades ser\u00e1n honradas con sus nombres a calles y d\u00edas de la Feria del Libro"},"content":{"rendered":"<p><body><\/p>\n<p><img decoding=\"async\" src=\"img3\/cuqui.JPG\" \/>  <\/p>\n<p><span class=\"text1noticias\">Las v\u00edas de la Plaza de la Cultura, recinto del magno evento, llevar\u00e1n los nombres de estas personalidades de la vida literaria y cultural.<\/span><\/p>\n<\/p>\n<p><span class=\"text1noticias\">Rep.Dom, 12 de Marzo 03:47 P.M.-Un total de 18 personalidades de la cultura, en distintos renglones, ser\u00e1n honrados con las dedicatorias de los d\u00edas de la Feria Internacional del Libro Santo Domingo 2012, que este a\u00f1o celebra su 15 aniversario.<\/span><\/p>\n<\/p>\n<p><span class=\"text1noticias\">El evento, que se celebrar\u00e1 del 18 de abril al 6 de mayo pr\u00f3ximo, rendir\u00e1 homenaje a un seleccionado grupo de narradores, poetas, ant\u00f3logos, periodistas, soci\u00f3logos, ensayistas, escritores de literatura infantil, acad\u00e9micos y escritores deportivos.<\/span><\/p>\n<\/p>\n<p><span class=\"text1noticias\">Cuatro de los escritores que ser\u00e1n honrados forman parte de la emigraci\u00f3n dominicana en Estados Unidos, continuando la pol\u00edtica del Ministerio de Cultura de reconocer la labor literaria de los escritores de la di\u00e1spora.<\/span><\/p>\n<\/p>\n<p><span class=\"text1noticias\">La dedicatoria de d\u00edas y calles constituye uno de los soportes principales del magno evento cultural, que se realizar\u00e1 en la Plaza de la Cultura Juan Pablo Duarte, teniendo como invitados de honor a los pa\u00edses centroamericanos, Belice, Costa Rica,  El Salvador, Honduras, Guatemala, Nicaragua y Panam\u00e1.<\/span><\/p>\n<\/p>\n<p><span class=\"text1noticias\">La Feria del Libro de este a\u00f1o rendir\u00e1 homenaje al poeta, narrador y ensayista Enriquillo S\u00e1nchez.<\/span><\/p>\n<\/p>\n<p><span class=\"text1noticias\">El Jueves 19 de abril ser\u00e1 honrada la poeta Marianela Medrano, residente en Estados Unidos, mientras que el viernes 20 lo ser\u00e1 el novelista Rey Emmanuel And\u00fajar, igualmente residente en la naci\u00f3n norteamericana.<\/span><\/p>\n<\/p>\n<p><span class=\"text1noticias\">El cuentista y autor infantil Rafael Peralta Romero ser\u00e1 homenajeado el s\u00e1bado 21; el ensayista Belarminio Ram\u00edrez Morillo, el domingo 22; y el poeta y soci\u00f3logo  Wilfredo Lozano, el lunes 23.<\/span><\/p>\n<\/p>\n<p><span class=\"text1noticias\">El historiador Roberto Cass\u00e1 recibir\u00e1 su reconocimiento el martes 24, y el mi\u00e9rcoles 25 se honrar\u00e1 al novelista y dramaturgo azuano William Mej\u00eda.<\/span><\/p>\n<\/p>\n<p><span class=\"text1noticias\">Para el jueves 26 corresponder\u00e1 al investigador hist\u00f3rico y ensayista Santiago Castro Ventura; el viernes 27, al laureado poeta y narrador Jos\u00e9 Acosta, residente en Nueva York, y para el s\u00e1bado 28 a la narradora y escritora infantil salcedense Emelda Ramos.<\/span><\/p>\n<\/p>\n<p><span class=\"text1noticias\">El conocido escritor deportivo Cuqui C\u00f3rdova ser\u00e1 honrado el domingo29, mientras que el lunes 30 lo ser\u00e1 el dramaturgo Giovanni Cruz.<\/span><\/p>\n<\/p>\n<p><span class=\"text1noticias\">El martes 1 de mayo se rendir\u00e1 homenaje al destacado investigador y artista Ar\u00edstides Inch\u00e1ustegui; el mi\u00e9rcoles 2, al poeta, investigador y ant\u00f3logo Miguel Collado; y el jueves 3, al novelista Luis R. Santos.<\/span><\/p>\n<\/p>\n<p><span class=\"text1noticias\">El cuentista salcedense Pedro Camilo, el viernes 4; la ensayista literaria Pura Emeterio Rond\u00f3n, el s\u00e1bado 5, y el ensayista Jos\u00e9 C. Novas, residente en Estados Unidos, el domingo 6, completan el cuadro de personalidades de la literatura dominicana que recibir\u00e1n los reconocimientos citados en el m\u00e1s importante evento de la cultura nacional.<\/span><\/p>\n<\/p>\n<p><span class=\"text1noticias\">Cada uno de los homenajeados ser\u00e1 honrado con una de las v\u00edas del recinto ferial, distinci\u00f3n que permanece hasta la celebraci\u00f3n de la Feria Internacional del Libro del a\u00f1o 2012.<\/span><\/p>\n<\/p>\n<p><span class=\"text1noticias\">Adem\u00e1s, las obras de los escritores homenajeados son estudiadas previas al evento por estudiantes de colegios, liceos y universidades, as\u00ed como por los integrantes de talleres literarios. Durante el d\u00eda de la dedicatoria se realizan coloquios, conversatorios y conferencias sobre las obras de los honrados, al tiempo que se les dedican actividades especiales en el Caf\u00e9 Bohemio y en el Pabell\u00f3n Libro-Cocina.(HG)<\/span>.<\/p>\n<h6> 2012-03-12 19:43:08 <\/h6>\n<p><!--\n<link rel=\"stylesheet\" href=\"css\/bootstrap.min.css\">\n\n\n<ul class=\"pagination\">\n\t    \n\t\n\n<li >\n\t<a href='?page_no=17780'>Previous<\/a>\n\t<\/li>\n\n\n       \n    \n\n<li><a href='?page_no=1'>1<\/a><\/li>\n\n\n\n<li><a href='?page_no=2'>2<\/a><\/li>\n\n\n\n<li><a>...<\/a><\/li>\n\n\n\n<li><a href='?page_no=17779'>17779<\/a><\/li>\n\n\n\n<li><a href='?page_no=17780'>17780<\/a><\/li>\n\n\n\n<li class='active'><a>17781<\/a><\/li>\n\n\n\n<li><a href='?page_no=17782'>17782<\/a><\/li>\n\n\n\n<li><a href='?page_no=17783'>17783<\/a><\/li>\n\n\n\n<li><a>...<\/a><\/li>\n\n\n\n<li><a href='?page_no=22911'>22911<\/a><\/li>\n\n\n\n<li><a href='?page_no=22912'>22912<\/a><\/li>\n\n    \n\t\n\n<li >\n\t<a href='?page_no=17782'>Next<\/a>\n\t<\/li>\n\n\n    \n\n<li><a href='?page_no=22912'>Last &rsaquo;&rsaquo;<\/a><\/li>\n\n<\/ul>\n\n\n--><br \/>\n<\/body><\/p>\n","protected":false},"excerpt":{"rendered":"<p>Las v\u00edas de la Plaza de la Cultura, recinto del magno evento, llevar\u00e1n los nombres de estas personalidades de la vida literaria y cultural. Rep.Dom, 12 de Marzo 03:47 P.M.-Un total de 18 personalidades de la cultura, en distintos renglones, ser\u00e1n honrados con las dedicatorias de los d\u00edas de la Feria Internacional del Libro Santo [&hellip;]<\/p>\n","protected":false},"author":3,"featured_media":0,"comment_status":"open","ping_status":"open","sticky":false,"template":"","format":"standard","meta":{"footnotes":""},"categories":[21],"tags":[],"class_list":["post-66103","post","type-post","status-publish","format-standard","hentry","category-cultura"],"_links":{"self":[{"href":"https:\/\/diariodominicano.com\/index.php?rest_route=\/wp\/v2\/posts\/66103","targetHints":{"allow":["GET"]}}],"collection":[{"href":"https:\/\/diariodominicano.com\/index.php?rest_route=\/wp\/v2\/posts"}],"about":[{"href":"https:\/\/diariodominicano.com\/index.php?rest_route=\/wp\/v2\/types\/post"}],"author":[{"embeddable":true,"href":"https:\/\/diariodominicano.com\/index.php?rest_route=\/wp\/v2\/users\/3"}],"replies":[{"embeddable":true,"href":"https:\/\/diariodominicano.com\/index.php?rest_route=%2Fwp%2Fv2%2Fcomments&post=66103"}],"version-history":[{"count":0,"href":"https:\/\/diariodominicano.com\/index.php?rest_route=\/wp\/v2\/posts\/66103\/revisions"}],"wp:attachment":[{"href":"https:\/\/diariodominicano.com\/index.php?rest_route=%2Fwp%2Fv2%2Fmedia&parent=66103"}],"wp:term":[{"taxonomy":"category","embeddable":true,"href":"https:\/\/diariodominicano.com\/index.php?rest_route=%2Fwp%2Fv2%2Fcategories&post=66103"},{"taxonomy":"post_tag","embeddable":true,"href":"https:\/\/diariodominicano.com\/index.php?rest_route=%2Fwp%2Fv2%2Ftags&post=66103"}],"curies":[{"name":"wp","href":"https:\/\/api.w.org\/{rel}","templated":true}]}}