{"id":66102,"date":"2012-03-12T20:32:49","date_gmt":"2012-03-12T20:32:49","guid":{"rendered":"http:\/\/diariodominicano.ddns.net\/?p=66102"},"modified":"2012-03-12T20:32:49","modified_gmt":"2012-03-12T20:32:49","slug":"bijrd-imparte-taller-de-kamishibai","status":"publish","type":"post","link":"https:\/\/diariodominicano.com\/?p=66102","title":{"rendered":"BIJRD imparte taller de Kamishibai"},"content":{"rendered":"<p><body><\/p>\n<p><img decoding=\"async\" src=\"img3\/kamishibai.JPG\" \/>  <\/p>\n<p><span class=\"text1noticias\">En estos tiempos de crisis hacen falta recursos did\u00e1cticos que motiven la creatividad y el aprendizaje.  La formaci\u00f3n depende mucho del entusiasmo y la innovaci\u00f3n de las personas que la realizan. Por eso se dise\u00f1\u00f3 un taller para despertar en los peque\u00f1os el amor por los libros y su capacidad de comunicaci\u00f3n.<\/span><\/p>\n<\/p>\n<p><span class=\"text1noticias\">Rep.Dom, 12 de Marzo 04:35 P.M.-La Biblioteca Infantil y Juvenil desarroll\u00f3 un novedoso taller sobre el arte del kamishibai, con el objetivo de sentar las bases para introducir este recurso en los centros educativos como medio de expresi\u00f3n, arte y promoci\u00f3n de lectura.<\/span><\/p>\n<\/p>\n<p><span class=\"text1noticias\">Impartido por Dulce Elvira de los Santos, escritora, actriz y titiritera y Alfredo Caster\u00e1, fot\u00f3grafo e ilustrador, fue dirigido a maestros y maestras del nivel inicial y b\u00e1sico, convocados por el departamento de Educaci\u00f3n Art\u00edstica del Ministerio de Educaci\u00f3n.<\/span><\/p>\n<\/p>\n<p><span class=\"text1noticias\">Tras una introducci\u00f3n te\u00f3rica los participantes, divididos en grupos, crearon e ilustraron cuentos breves con la idea de que todos somos creativos y debemos desarrollarlo.<\/span><\/p>\n<\/p>\n<p><span class=\"text1noticias\">El kamishibai, una palabra japonesa que significa \u00abteatro de papel\u00bb, es la forma popular, desde hace varios siglos, de contar cuentos en Jap\u00f3n. Est\u00e1 siendo usado como recurso did\u00e1ctico en muchos pa\u00edses. Y puede ser asumido como espect\u00e1culo de cuentacuentos o en la escuela.  <\/span><\/p>\n<\/p>\n<p><span class=\"text1noticias\">\u00abEste recurso no s\u00f3lo beneficia el arte de narrar cuentos, sino que tambi\u00e9n trabaja la comprensi\u00f3n oral, la atenci\u00f3n, la lectura, la expresi\u00f3n art\u00edstica, la producci\u00f3n de textos, la actuaci\u00f3n. Adem\u00e1s fortalece la identidad en los ni\u00f1os, fomenta las actividades en equipo y favorece la seguridad y confianza. Sus diversas cualidades son un motivo de inter\u00e9s en los centros educativos dominicanos\u00bb, expres\u00f3 Dulce Elvira.<\/span><\/p>\n<\/p>\n<p><span class=\"text1noticias\">\u00abPara usar el kamishibai se requieren las ilustraciones de un cuento y la voz del cuentacuentos, que es la persona que ir\u00e1 pasando una a una las ilustraciones.  Los alumnos aprenden a expresar sus mensajes, tanto en los textos como en los dibujos, de forma concisa y precisa. Esta sencillez es necesaria si se tiene en cuenta que se dirige a peque\u00f1os que lo van a ver a cierta distancia\u00bb, agreg\u00f3 la escritora.<\/span><\/p>\n<\/p>\n<\/p>\n<p><span class=\"text1noticias\">A los participantes tambi\u00e9n se les habl\u00f3 del estilo del kamishibai: \u00abdibujos grandes y de trazos claros para poder ser vistas desde cierta distancia. Pocos detalles y fondos sencillos. Las escenas son simples, procurando que causen cierto impacto\u00bb, dijo por su parte Alfredo Caster\u00e1.<\/span><\/p>\n<\/p>\n<p><span class=\"text1noticias\">\u00abLos personajes deben resaltarse; mejor si est\u00e1n de cara a la audiencia. La correspondencia entre textos y  dibujos debe ser completa debido a que la audiencia mira y escucha simult\u00e1neamente\u00bb, agreg\u00f3.<\/span><\/p>\n<\/p>\n<p><span class=\"text1noticias\">\u00abLa labor de entusiasmar y motivar a los ni\u00f1os, ni\u00f1as y j\u00f3venes a la lectura es un arte. Necesitamos artistas que amen el acto de leer y lo contagien\u00bb, concluy\u00f3 Dulce Elvira.<\/span><\/p>\n<\/p>\n<p><span class=\"text1noticias\">La directora de la BIJRD, Teresa Peralta, dio la bienvenida a los maestros y expres\u00f3 que estas actividades son parte de la extensa labor de promoci\u00f3n de lectura que lleva a cabo el Despacho de Primera Dama a trav\u00e9s de la biblioteca y el programa Leyendo Aprendo.(HG)<\/span>.<\/p>\n<\/p>\n<\/p>\n<h6> 2012-03-12 20:32:49 <\/h6>\n<p><!--\n<link rel=\"stylesheet\" href=\"css\/bootstrap.min.css\">\n\n\n<ul class=\"pagination\">\n\t    \n\t\n\n<li >\n\t<a href='?page_no=17779'>Previous<\/a>\n\t<\/li>\n\n\n       \n    \n\n<li><a href='?page_no=1'>1<\/a><\/li>\n\n\n\n<li><a href='?page_no=2'>2<\/a><\/li>\n\n\n\n<li><a>...<\/a><\/li>\n\n\n\n<li><a href='?page_no=17778'>17778<\/a><\/li>\n\n\n\n<li><a href='?page_no=17779'>17779<\/a><\/li>\n\n\n\n<li class='active'><a>17780<\/a><\/li>\n\n\n\n<li><a href='?page_no=17781'>17781<\/a><\/li>\n\n\n\n<li><a href='?page_no=17782'>17782<\/a><\/li>\n\n\n\n<li><a>...<\/a><\/li>\n\n\n\n<li><a href='?page_no=22911'>22911<\/a><\/li>\n\n\n\n<li><a href='?page_no=22912'>22912<\/a><\/li>\n\n    \n\t\n\n<li >\n\t<a href='?page_no=17781'>Next<\/a>\n\t<\/li>\n\n\n    \n\n<li><a href='?page_no=22912'>Last &rsaquo;&rsaquo;<\/a><\/li>\n\n<\/ul>\n\n\n--><br \/>\n<\/body><\/p>\n","protected":false},"excerpt":{"rendered":"<p>En estos tiempos de crisis hacen falta recursos did\u00e1cticos que motiven la creatividad y el aprendizaje. La formaci\u00f3n depende mucho del entusiasmo y la innovaci\u00f3n de las personas que la realizan. Por eso se dise\u00f1\u00f3 un taller para despertar en los peque\u00f1os el amor por los libros y su capacidad de comunicaci\u00f3n. Rep.Dom, 12 de [&hellip;]<\/p>\n","protected":false},"author":3,"featured_media":0,"comment_status":"open","ping_status":"open","sticky":false,"template":"","format":"standard","meta":{"footnotes":""},"categories":[21],"tags":[],"class_list":["post-66102","post","type-post","status-publish","format-standard","hentry","category-cultura"],"_links":{"self":[{"href":"https:\/\/diariodominicano.com\/index.php?rest_route=\/wp\/v2\/posts\/66102","targetHints":{"allow":["GET"]}}],"collection":[{"href":"https:\/\/diariodominicano.com\/index.php?rest_route=\/wp\/v2\/posts"}],"about":[{"href":"https:\/\/diariodominicano.com\/index.php?rest_route=\/wp\/v2\/types\/post"}],"author":[{"embeddable":true,"href":"https:\/\/diariodominicano.com\/index.php?rest_route=\/wp\/v2\/users\/3"}],"replies":[{"embeddable":true,"href":"https:\/\/diariodominicano.com\/index.php?rest_route=%2Fwp%2Fv2%2Fcomments&post=66102"}],"version-history":[{"count":0,"href":"https:\/\/diariodominicano.com\/index.php?rest_route=\/wp\/v2\/posts\/66102\/revisions"}],"wp:attachment":[{"href":"https:\/\/diariodominicano.com\/index.php?rest_route=%2Fwp%2Fv2%2Fmedia&parent=66102"}],"wp:term":[{"taxonomy":"category","embeddable":true,"href":"https:\/\/diariodominicano.com\/index.php?rest_route=%2Fwp%2Fv2%2Fcategories&post=66102"},{"taxonomy":"post_tag","embeddable":true,"href":"https:\/\/diariodominicano.com\/index.php?rest_route=%2Fwp%2Fv2%2Ftags&post=66102"}],"curies":[{"name":"wp","href":"https:\/\/api.w.org\/{rel}","templated":true}]}}