{"id":66101,"date":"2012-03-13T15:20:14","date_gmt":"2012-03-13T15:20:14","guid":{"rendered":"http:\/\/diariodominicano.ddns.net\/?p=66101"},"modified":"2012-03-13T15:20:14","modified_gmt":"2012-03-13T15:20:14","slug":"personalidades-mexicanas-en-presentacion-de-libro-de-fidel-castro","status":"publish","type":"post","link":"https:\/\/diariodominicano.com\/?p=66101","title":{"rendered":"Personalidades mexicanas en presentaci\u00f3n de libro de Fidel Castro"},"content":{"rendered":"<p><body><\/p>\n<p><img decoding=\"async\" src=\"img3\/portada libro.jpg\" \/>  <\/p>\n<p><span class=\"text1noticias\">11:21am, M\u00e9xico, 13 mar (PL).-  Personalidades de la cultura, diplom\u00e1ticos y artistas asistir\u00e1n ma\u00f1ana a la presentaci\u00f3n en M\u00e9xico del libro Nuestro deber es luchar, resultado de un reciente di\u00e1logo del l\u00edder de la Revoluci\u00f3n cubana, Fidel Castro, con decenas de intelectuales.<\/span><\/p>\n<\/p>\n<p><span class=\"text1noticias\">La presentaci\u00f3n de la obra, que se realizar\u00e1 de manera simult\u00e1nea en varios pa\u00edses, en la capital mexicana tendr\u00e1 lugar en la sala Ernesto Che Guevara, de la Embajada de Cuba.<\/span><\/p>\n<\/p>\n<p><span class=\"text1noticias\">En el acto expondr\u00e1n el embajador de la isla Manuel Aguilera, y el tambi\u00e9n cubano Fernando Mart\u00ednez, Premio Nacional de Ciencias Sociales.<\/span><\/p>\n<\/p>\n<p><span class=\"text1noticias\">El texto recoge la transcripci\u00f3n, revisada y ampliada en espa\u00f1ol y en ingl\u00e9s del di\u00e1logo de unas nueve horas de Fidel Castro con un grupo de intelectuales de \u00c1frica, Europa y Am\u00e9rica.<\/span><\/p>\n<\/p>\n<p><span class=\"text1noticias\">Tal conversaci\u00f3n ocurri\u00f3 el pasado 10 de febrero, en ocasi\u00f3n de la Feria Internacional del Libro de La Habana. Se trata de una contundente reflexi\u00f3n sobre los peligros que amenazan al planeta y a la especie humana<\/span>.<\/p>\n<\/p>\n<p><span class=\"text1noticias\">MC<\/span><\/p>\n<h6> 2012-03-13 15:20:14 <\/h6>\n<p><!--\n<link rel=\"stylesheet\" href=\"css\/bootstrap.min.css\">\n\n\n<ul class=\"pagination\">\n\t    \n\t\n\n<li >\n\t<a href='?page_no=17778'>Previous<\/a>\n\t<\/li>\n\n\n       \n    \n\n<li><a href='?page_no=1'>1<\/a><\/li>\n\n\n\n<li><a href='?page_no=2'>2<\/a><\/li>\n\n\n\n<li><a>...<\/a><\/li>\n\n\n\n<li><a href='?page_no=17777'>17777<\/a><\/li>\n\n\n\n<li><a href='?page_no=17778'>17778<\/a><\/li>\n\n\n\n<li class='active'><a>17779<\/a><\/li>\n\n\n\n<li><a href='?page_no=17780'>17780<\/a><\/li>\n\n\n\n<li><a href='?page_no=17781'>17781<\/a><\/li>\n\n\n\n<li><a>...<\/a><\/li>\n\n\n\n<li><a href='?page_no=22911'>22911<\/a><\/li>\n\n\n\n<li><a href='?page_no=22912'>22912<\/a><\/li>\n\n    \n\t\n\n<li >\n\t<a href='?page_no=17780'>Next<\/a>\n\t<\/li>\n\n\n    \n\n<li><a href='?page_no=22912'>Last &rsaquo;&rsaquo;<\/a><\/li>\n\n<\/ul>\n\n\n--><br \/>\n<\/body><\/p>\n","protected":false},"excerpt":{"rendered":"<p>11:21am, M\u00e9xico, 13 mar (PL).- Personalidades de la cultura, diplom\u00e1ticos y artistas asistir\u00e1n ma\u00f1ana a la presentaci\u00f3n en M\u00e9xico del libro Nuestro deber es luchar, resultado de un reciente di\u00e1logo del l\u00edder de la Revoluci\u00f3n cubana, Fidel Castro, con decenas de intelectuales. La presentaci\u00f3n de la obra, que se realizar\u00e1 de manera simult\u00e1nea en varios [&hellip;]<\/p>\n","protected":false},"author":3,"featured_media":0,"comment_status":"open","ping_status":"open","sticky":false,"template":"","format":"standard","meta":{"footnotes":""},"categories":[21],"tags":[],"class_list":["post-66101","post","type-post","status-publish","format-standard","hentry","category-cultura"],"_links":{"self":[{"href":"https:\/\/diariodominicano.com\/index.php?rest_route=\/wp\/v2\/posts\/66101","targetHints":{"allow":["GET"]}}],"collection":[{"href":"https:\/\/diariodominicano.com\/index.php?rest_route=\/wp\/v2\/posts"}],"about":[{"href":"https:\/\/diariodominicano.com\/index.php?rest_route=\/wp\/v2\/types\/post"}],"author":[{"embeddable":true,"href":"https:\/\/diariodominicano.com\/index.php?rest_route=\/wp\/v2\/users\/3"}],"replies":[{"embeddable":true,"href":"https:\/\/diariodominicano.com\/index.php?rest_route=%2Fwp%2Fv2%2Fcomments&post=66101"}],"version-history":[{"count":0,"href":"https:\/\/diariodominicano.com\/index.php?rest_route=\/wp\/v2\/posts\/66101\/revisions"}],"wp:attachment":[{"href":"https:\/\/diariodominicano.com\/index.php?rest_route=%2Fwp%2Fv2%2Fmedia&parent=66101"}],"wp:term":[{"taxonomy":"category","embeddable":true,"href":"https:\/\/diariodominicano.com\/index.php?rest_route=%2Fwp%2Fv2%2Fcategories&post=66101"},{"taxonomy":"post_tag","embeddable":true,"href":"https:\/\/diariodominicano.com\/index.php?rest_route=%2Fwp%2Fv2%2Ftags&post=66101"}],"curies":[{"name":"wp","href":"https:\/\/api.w.org\/{rel}","templated":true}]}}