{"id":66100,"date":"2012-03-13T15:37:14","date_gmt":"2012-03-13T15:37:14","guid":{"rendered":"http:\/\/diariodominicano.ddns.net\/?p=66100"},"modified":"2012-03-13T15:37:14","modified_gmt":"2012-03-13T15:37:14","slug":"introducen-cambios-en-programa-cerrando-la-semana","status":"publish","type":"post","link":"https:\/\/diariodominicano.com\/?p=66100","title":{"rendered":"Introducen cambios en programa \u00abCerrando la Semana\u00bb"},"content":{"rendered":"<p><body><\/p>\n<p><img decoding=\"async\" src=\"img3\/Nicolas  Meteo periodista.JPG\" \/>  <\/p>\n<p><span class=\"text1noticias\">11:38 am, Santo Domingo, RD, 13 marzo.-  Con la inclusi\u00f3n del ingeniero y periodista Nicol\u00e1s Mateo, fue relanzado esta semana el programa sabatino \u00abCerrando la Semana\u00bb, que se difunde cada s\u00e1bado por la Red Nacional de Noticias (RNN),  canal 27 y por Dominican View canal 213 para todos los Estados Unidos.<\/span><\/p>\n<p><span class=\"text1noticias\">A partir de esta semana este espacio televisivo tambi\u00e9n ser\u00e1 retransmitido diferido los martes y jueves a las 4 de la tarde por el canal digital http:\/\/www.ustream.tv\/channel\/quisqueyatv , para permitir que miles de  dominicanos que vivan en Europa puedan sintonizarlo a las 9 de la noche en el invierno y a las 10.00 p.m en verano.<\/span><\/p>\n<p><span class=\"text1noticias\">Cerrando la Semana es un programa de an\u00e1lisis y comentario producido por el comunicador Leo Ortiz, donde se ofrece  un resumen de las informaciones m\u00e1s importantes que fueron noticias en la semana, y adem\u00e1s reportajes sobre temas de inter\u00e9s de la poblaci\u00f3n.<\/span><\/p>\n<p><span class=\"text1noticias\">El programa cuenta con la conducci\u00f3n de Leo Ortiz y Nicol\u00e1s Mateo, mientras que   los  reportajes  y la secci\u00f3n de deportiva est\u00e1n a cargo de Reyner  Jim\u00e9nez, Carmelo Soriano, Rafael Mari\u00f1ez P\u00e9rez y Rafael de la Cruz, respectivamente.<\/span><\/p>\n<p><span class=\"text1noticias\">La parte t\u00e9cnica de edici\u00f3n y producci\u00f3n est\u00e1 a cargo de  Carlos Ledesma y Pablo G\u00f3mez, mientras que en la c\u00e1mara de exteriores el responsable es   Miguel L\u00f3pez.<\/span><\/p>\n<p><span class=\"text1noticias\">Cerrando la Semana lleva m\u00e1s de un a\u00f1o difundi\u00e9ndose  por el canal 27 de la Red Nacional de Noticias (RNN) y por  Dominican View para los Estados Unidos, pero con la entrada del veterano periodista Nicol\u00e1s Mateo se introducen una serie de cambios en el programa para hacerlo m\u00e1s atractivo a los televidentes, y lograr que mas personar le sigan por la red de internet<\/span>. <\/p>\n<h6> 2012-03-13 15:37:14 <\/h6>\n<p><!--\n<link rel=\"stylesheet\" href=\"css\/bootstrap.min.css\">\n\n\n<ul class=\"pagination\">\n\t    \n\t\n\n<li >\n\t<a href='?page_no=17777'>Previous<\/a>\n\t<\/li>\n\n\n       \n    \n\n<li><a href='?page_no=1'>1<\/a><\/li>\n\n\n\n<li><a href='?page_no=2'>2<\/a><\/li>\n\n\n\n<li><a>...<\/a><\/li>\n\n\n\n<li><a href='?page_no=17776'>17776<\/a><\/li>\n\n\n\n<li><a href='?page_no=17777'>17777<\/a><\/li>\n\n\n\n<li class='active'><a>17778<\/a><\/li>\n\n\n\n<li><a href='?page_no=17779'>17779<\/a><\/li>\n\n\n\n<li><a href='?page_no=17780'>17780<\/a><\/li>\n\n\n\n<li><a>...<\/a><\/li>\n\n\n\n<li><a href='?page_no=22911'>22911<\/a><\/li>\n\n\n\n<li><a href='?page_no=22912'>22912<\/a><\/li>\n\n    \n\t\n\n<li >\n\t<a href='?page_no=17779'>Next<\/a>\n\t<\/li>\n\n\n    \n\n<li><a href='?page_no=22912'>Last &rsaquo;&rsaquo;<\/a><\/li>\n\n<\/ul>\n\n\n--><br \/>\n<\/body><\/p>\n","protected":false},"excerpt":{"rendered":"<p>11:38 am, Santo Domingo, RD, 13 marzo.- Con la inclusi\u00f3n del ingeniero y periodista Nicol\u00e1s Mateo, fue relanzado esta semana el programa sabatino \u00abCerrando la Semana\u00bb, que se difunde cada s\u00e1bado por la Red Nacional de Noticias (RNN), canal 27 y por Dominican View canal 213 para todos los Estados Unidos. A partir de esta [&hellip;]<\/p>\n","protected":false},"author":3,"featured_media":0,"comment_status":"open","ping_status":"open","sticky":false,"template":"","format":"standard","meta":{"footnotes":""},"categories":[21],"tags":[],"class_list":["post-66100","post","type-post","status-publish","format-standard","hentry","category-cultura"],"_links":{"self":[{"href":"https:\/\/diariodominicano.com\/index.php?rest_route=\/wp\/v2\/posts\/66100","targetHints":{"allow":["GET"]}}],"collection":[{"href":"https:\/\/diariodominicano.com\/index.php?rest_route=\/wp\/v2\/posts"}],"about":[{"href":"https:\/\/diariodominicano.com\/index.php?rest_route=\/wp\/v2\/types\/post"}],"author":[{"embeddable":true,"href":"https:\/\/diariodominicano.com\/index.php?rest_route=\/wp\/v2\/users\/3"}],"replies":[{"embeddable":true,"href":"https:\/\/diariodominicano.com\/index.php?rest_route=%2Fwp%2Fv2%2Fcomments&post=66100"}],"version-history":[{"count":0,"href":"https:\/\/diariodominicano.com\/index.php?rest_route=\/wp\/v2\/posts\/66100\/revisions"}],"wp:attachment":[{"href":"https:\/\/diariodominicano.com\/index.php?rest_route=%2Fwp%2Fv2%2Fmedia&parent=66100"}],"wp:term":[{"taxonomy":"category","embeddable":true,"href":"https:\/\/diariodominicano.com\/index.php?rest_route=%2Fwp%2Fv2%2Fcategories&post=66100"},{"taxonomy":"post_tag","embeddable":true,"href":"https:\/\/diariodominicano.com\/index.php?rest_route=%2Fwp%2Fv2%2Ftags&post=66100"}],"curies":[{"name":"wp","href":"https:\/\/api.w.org\/{rel}","templated":true}]}}