{"id":66099,"date":"2012-03-13T18:53:06","date_gmt":"2012-03-13T18:53:06","guid":{"rendered":"http:\/\/diariodominicano.ddns.net\/?p=66099"},"modified":"2012-03-13T18:53:06","modified_gmt":"2012-03-13T18:53:06","slug":"fidelio-despradel-dono-sus-archivos-al-agn","status":"publish","type":"post","link":"https:\/\/diariodominicano.com\/?p=66099","title":{"rendered":"Fidelio Despradel don\u00f3 sus archivos al AGN"},"content":{"rendered":"<p><body><\/p>\n<p><span class=\"text1noticias\">Rep.Dom, 13 de Marzo 02: 55 P.M.-El historiador y dirigente pol\u00edtico Fidelio Despradel don\u00f3 al Archivo General de la Naci\u00f3n documentos  personales sobre la historia contempor\u00e1nea dominicana,  especialmente  la generada por movimientos sociales y revolucionarios.<\/span><\/p>\n<p><span class=\"text1noticias\">\t<\/span><\/p>\n<p><span class=\"text1noticias\">Se trata de 36 cajas con cientos de expedientes y miles de importantes informes, peri\u00f3dicos, reportes, notas manuscritas, agendas de discusiones, posiciones de la izquierda en sus diferentes etapas, algunos in\u00e9ditos, desde 1961 a 1991.<\/span><\/p>\n<p><span class=\"text1noticias\">\t <\/span><\/p>\n<p><span class=\"text1noticias\">\tRoberto Cass\u00e1, director del Archivo General de la Naci\u00f3n, destac\u00f3 la importancia de este aporte que  considera  uno de los mejores archivos privados del pa\u00eds, que recoge la historia de la izquierda desde Trujillo, su paso por la clandestinidad, el exilio y que toca, adem\u00e1s, aspectos sobresalientes de la historia general del pa\u00eds.<\/span><\/p>\n<\/p>\n<p><span class=\"text1noticias\">\tAgreg\u00f3 que este acervo  formar\u00e1 parte de un proyecto de la instituci\u00f3n que consiste en la creaci\u00f3n  un fondo sobre movimientos sociales y pol\u00edticos alternativos.<\/span><\/p>\n<\/p>\n<p><span class=\"text1noticias\">\tAgradeci\u00f3 la generosidad  y la confianza de Fidelio Despradel en el AGN y manifest\u00f3 que este gesto deber\u00eda ser imitado por otros propietarios de archivos privados personales o institucionales.<\/span><\/p>\n<\/p>\n<p><span class=\"text1noticias\">\tDespradel, por su lado, habl\u00f3 del contenido de la muestra, que est\u00e1 disponible en la sala del AGN con m\u00e1s de 23,000 im\u00e1genes digitalizadas y pr\u00f3ximamente en la Web de la instituci\u00f3n.<\/span><\/p>\n<\/p>\n<p><span class=\"text1noticias\">\tCass\u00e1 y Despradel estuvieron acompa\u00f1ados por encargados de departamentos del AGN.(HG)<\/span>.<\/p>\n<h6> 2012-03-13 18:53:06 <\/h6>\n<p><!--\n<link rel=\"stylesheet\" href=\"css\/bootstrap.min.css\">\n\n\n<ul class=\"pagination\">\n\t    \n\t\n\n<li >\n\t<a href='?page_no=17776'>Previous<\/a>\n\t<\/li>\n\n\n       \n    \n\n<li><a href='?page_no=1'>1<\/a><\/li>\n\n\n\n<li><a href='?page_no=2'>2<\/a><\/li>\n\n\n\n<li><a>...<\/a><\/li>\n\n\n\n<li><a href='?page_no=17775'>17775<\/a><\/li>\n\n\n\n<li><a href='?page_no=17776'>17776<\/a><\/li>\n\n\n\n<li class='active'><a>17777<\/a><\/li>\n\n\n\n<li><a href='?page_no=17778'>17778<\/a><\/li>\n\n\n\n<li><a href='?page_no=17779'>17779<\/a><\/li>\n\n\n\n<li><a>...<\/a><\/li>\n\n\n\n<li><a href='?page_no=22911'>22911<\/a><\/li>\n\n\n\n<li><a href='?page_no=22912'>22912<\/a><\/li>\n\n    \n\t\n\n<li >\n\t<a href='?page_no=17778'>Next<\/a>\n\t<\/li>\n\n\n    \n\n<li><a href='?page_no=22912'>Last &rsaquo;&rsaquo;<\/a><\/li>\n\n<\/ul>\n\n\n--><br \/>\n<\/body><\/p>\n","protected":false},"excerpt":{"rendered":"<p>Rep.Dom, 13 de Marzo 02: 55 P.M.-El historiador y dirigente pol\u00edtico Fidelio Despradel don\u00f3 al Archivo General de la Naci\u00f3n documentos personales sobre la historia contempor\u00e1nea dominicana, especialmente la generada por movimientos sociales y revolucionarios. Se trata de 36 cajas con cientos de expedientes y miles de importantes informes, peri\u00f3dicos, reportes, notas manuscritas, agendas de [&hellip;]<\/p>\n","protected":false},"author":3,"featured_media":0,"comment_status":"open","ping_status":"open","sticky":false,"template":"","format":"standard","meta":{"footnotes":""},"categories":[21],"tags":[],"class_list":["post-66099","post","type-post","status-publish","format-standard","hentry","category-cultura"],"_links":{"self":[{"href":"https:\/\/diariodominicano.com\/index.php?rest_route=\/wp\/v2\/posts\/66099","targetHints":{"allow":["GET"]}}],"collection":[{"href":"https:\/\/diariodominicano.com\/index.php?rest_route=\/wp\/v2\/posts"}],"about":[{"href":"https:\/\/diariodominicano.com\/index.php?rest_route=\/wp\/v2\/types\/post"}],"author":[{"embeddable":true,"href":"https:\/\/diariodominicano.com\/index.php?rest_route=\/wp\/v2\/users\/3"}],"replies":[{"embeddable":true,"href":"https:\/\/diariodominicano.com\/index.php?rest_route=%2Fwp%2Fv2%2Fcomments&post=66099"}],"version-history":[{"count":0,"href":"https:\/\/diariodominicano.com\/index.php?rest_route=\/wp\/v2\/posts\/66099\/revisions"}],"wp:attachment":[{"href":"https:\/\/diariodominicano.com\/index.php?rest_route=%2Fwp%2Fv2%2Fmedia&parent=66099"}],"wp:term":[{"taxonomy":"category","embeddable":true,"href":"https:\/\/diariodominicano.com\/index.php?rest_route=%2Fwp%2Fv2%2Fcategories&post=66099"},{"taxonomy":"post_tag","embeddable":true,"href":"https:\/\/diariodominicano.com\/index.php?rest_route=%2Fwp%2Fv2%2Ftags&post=66099"}],"curies":[{"name":"wp","href":"https:\/\/api.w.org\/{rel}","templated":true}]}}