{"id":66098,"date":"2012-03-13T19:23:08","date_gmt":"2012-03-13T19:23:08","guid":{"rendered":"http:\/\/diariodominicano.ddns.net\/?p=66098"},"modified":"2012-03-13T19:23:08","modified_gmt":"2012-03-13T19:23:08","slug":"impartiran-en-la-uasd-ciclo-de-clinicas-didacticas-en-musica","status":"publish","type":"post","link":"https:\/\/diariodominicano.com\/?p=66098","title":{"rendered":"Impartir\u00e1n en la UASD ciclo de cl\u00ednicas did\u00e1cticas en m\u00fasica"},"content":{"rendered":"<p><body><\/p>\n<p><img decoding=\"async\" src=\"http:\/\/localhost:8080\/img3\/MARIA.JPG\" \/>  <\/p>\n<p><span class=\"text1noticias\">Rep.Dom 13 de Marzo 03: 26 P.M.-La Escuela de M\u00fasica de la  Facultad de Artes de la Universidad Aut\u00f3noma de Santo Domingo (UASD)  y la Fundaci\u00f3n Nacional de Ni\u00f1os por las Artes (FUNANART) impartir\u00e1n del 14 al 16 de marzo en curso un ciclo de cl\u00ednicas did\u00e1cticas, dise\u00f1adas con el objetivo de fortalecer el conocimiento musical (te\u00f3rico-pr\u00e1ctico) de los participantes. <\/span><\/p>\n<\/p>\n<p><span class=\"text1noticias\"> El evento educativo est\u00e1 dirigido a estudiantes y amantes de la m\u00fasica interesados en ampliar sus conocimientos en la materia, ser\u00e1 impartido por los profesores El\u00edas Santana (trompetista), Guy Fr\u00f3meta (percusionista), Crisp\u00edn Fern\u00e1ndez (saxofonista), David V\u00e1squez (bajista el\u00e9ctrico) y Edis S\u00e1nchez (investigador folkl\u00f3rico y percusionista).<\/span><\/p>\n<\/p>\n<p><span class=\"text1noticias\">La Decana de la Facultad de Artes, Mar\u00eda del Pilar Domingo, dijo que con esta actividad se busca fomentar la formaci\u00f3n de una nueva generaci\u00f3n de m\u00fasicos y promocionar nuevas tendencias musicales que tanto han evolucionado en los \u00faltimos a\u00f1os. <\/span><\/p>\n<\/p>\n<p><span class=\"text1noticias\">De su lado, el profesor Hip\u00f3lito Javier, director del Coro Infantil de la Facultad de Artes,  destac\u00f3 que la  m\u00fasica, como toda manifestaci\u00f3n art\u00edstica, es un producto cultural que tiene como fin suscitar una experiencia est\u00e9tica en el oyente y expresar sentimientos, circunstancias, pensamientos o ideas.<\/span><\/p>\n<\/p>\n<p><span class=\"text1noticias\">La Presidenta de FUNANART,  Ana N\u00fa\u00f1ez, prometi\u00f3 trabajar incansablemente para continuar aportando a la formaci\u00f3n art\u00edstica de las clases m\u00e1s despose\u00eddas, no solo para forma nuevos m\u00fasicos sino para mejorar su calidad individual y social.<\/span><\/p>\n<\/p>\n<p><span class=\"text1noticias\">En representaci\u00f3n de los profesores habl\u00f3 el maestro Crisp\u00edn Fern\u00e1ndez, quien expres\u00f3 que pretenden encontrar una nueva metodolog\u00eda de ense\u00f1anza que permita la formaci\u00f3n de nuevos m\u00fasicos, con nuevas tendencias de globalizaci\u00f3n, que respeten sus ra\u00edces y con un coraz\u00f3n abierto a la m\u00fasica universal.<\/span><\/p>\n<\/p>\n<p><span class=\"text1noticias\">El ciclo de cl\u00ednicas cuenta con el apoyo de la Embajada de Francia en la Rep\u00fablica Dominicana, el Ministerio de Educaci\u00f3n y el Banco Hipotecario Dominicana (BHD) y con el patrocinio comercial de Malta Morena y Agua Planeta Azul.<\/span><\/p>\n<\/p>\n<p><span class=\"text1noticias\">Para el cierre del evento est\u00e1 programada la presentaci\u00f3n de la Orquesta de Jazz de la Escuela de M\u00fasica de la Facultad de Artes de la UASD y el Grupo Folkl\u00f3rico del Conservatorio Nacional de M\u00fasica, que dirige el maestro Edis S\u00e1nchez.(HG)<\/span>.<\/p>\n<\/p>\n<h6> 2012-03-13 19:23:08 <\/h6>\n<p><!--\n<link rel=\"stylesheet\" href=\"css\/bootstrap.min.css\">\n\n\n<ul class=\"pagination\">\n\t    \n\t\n\n<li >\n\t<a href='?page_no=17775'>Previous<\/a>\n\t<\/li>\n\n\n       \n    \n\n<li><a href='?page_no=1'>1<\/a><\/li>\n\n\n\n<li><a href='?page_no=2'>2<\/a><\/li>\n\n\n\n<li><a>...<\/a><\/li>\n\n\n\n<li><a href='?page_no=17774'>17774<\/a><\/li>\n\n\n\n<li><a href='?page_no=17775'>17775<\/a><\/li>\n\n\n\n<li class='active'><a>17776<\/a><\/li>\n\n\n\n<li><a href='?page_no=17777'>17777<\/a><\/li>\n\n\n\n<li><a href='?page_no=17778'>17778<\/a><\/li>\n\n\n\n<li><a>...<\/a><\/li>\n\n\n\n<li><a href='?page_no=22911'>22911<\/a><\/li>\n\n\n\n<li><a href='?page_no=22912'>22912<\/a><\/li>\n\n    \n\t\n\n<li >\n\t<a href='?page_no=17777'>Next<\/a>\n\t<\/li>\n\n\n    \n\n<li><a href='?page_no=22912'>Last &rsaquo;&rsaquo;<\/a><\/li>\n\n<\/ul>\n\n\n--><br \/>\n<\/body><\/p>\n","protected":false},"excerpt":{"rendered":"<p>Rep.Dom 13 de Marzo 03: 26 P.M.-La Escuela de M\u00fasica de la Facultad de Artes de la Universidad Aut\u00f3noma de Santo Domingo (UASD) y la Fundaci\u00f3n Nacional de Ni\u00f1os por las Artes (FUNANART) impartir\u00e1n del 14 al 16 de marzo en curso un ciclo de cl\u00ednicas did\u00e1cticas, dise\u00f1adas con el objetivo de fortalecer el conocimiento [&hellip;]<\/p>\n","protected":false},"author":3,"featured_media":0,"comment_status":"open","ping_status":"open","sticky":false,"template":"","format":"standard","meta":{"footnotes":""},"categories":[21],"tags":[],"class_list":["post-66098","post","type-post","status-publish","format-standard","hentry","category-cultura"],"_links":{"self":[{"href":"https:\/\/diariodominicano.com\/index.php?rest_route=\/wp\/v2\/posts\/66098","targetHints":{"allow":["GET"]}}],"collection":[{"href":"https:\/\/diariodominicano.com\/index.php?rest_route=\/wp\/v2\/posts"}],"about":[{"href":"https:\/\/diariodominicano.com\/index.php?rest_route=\/wp\/v2\/types\/post"}],"author":[{"embeddable":true,"href":"https:\/\/diariodominicano.com\/index.php?rest_route=\/wp\/v2\/users\/3"}],"replies":[{"embeddable":true,"href":"https:\/\/diariodominicano.com\/index.php?rest_route=%2Fwp%2Fv2%2Fcomments&post=66098"}],"version-history":[{"count":0,"href":"https:\/\/diariodominicano.com\/index.php?rest_route=\/wp\/v2\/posts\/66098\/revisions"}],"wp:attachment":[{"href":"https:\/\/diariodominicano.com\/index.php?rest_route=%2Fwp%2Fv2%2Fmedia&parent=66098"}],"wp:term":[{"taxonomy":"category","embeddable":true,"href":"https:\/\/diariodominicano.com\/index.php?rest_route=%2Fwp%2Fv2%2Fcategories&post=66098"},{"taxonomy":"post_tag","embeddable":true,"href":"https:\/\/diariodominicano.com\/index.php?rest_route=%2Fwp%2Fv2%2Ftags&post=66098"}],"curies":[{"name":"wp","href":"https:\/\/api.w.org\/{rel}","templated":true}]}}