{"id":66097,"date":"2012-03-13T19:43:12","date_gmt":"2012-03-13T19:43:12","guid":{"rendered":"http:\/\/diariodominicano.ddns.net\/?p=66097"},"modified":"2012-03-13T19:43:12","modified_gmt":"2012-03-13T19:43:12","slug":"eligen-a-dominicano-para-presidir-asociacion-del-caribe","status":"publish","type":"post","link":"https:\/\/diariodominicano.com\/?p=66097","title":{"rendered":"&#13;Eligen a dominicano para presidir Asociaci\u00f3n del Caribe"},"content":{"rendered":"<p><body><\/p>\n<p><img decoding=\"async\" src=\"img3\/plasticos.JPG\" \/>  <\/p>\n<p><span class=\"text1noticias\">Bayam\u00f3n Puerto Rico 13 de Marzo 03:47 P.M.- Durante la celebraci\u00f3n del III Encuentro de Artistas Pl\u00e1sticos del Caribe inaugurado en Puerto Rico, en el cual exponen su arte, diferentes artistas puertorrique\u00f1os y dominicanos, fue elegido el pintor dominicano Arqu\u00edmedes Mej\u00eda, como presidente del la Asociaci\u00f3n de Artistas Pl\u00e1sticos del Caribe. <\/span><\/p>\n<\/p>\n<p><span class=\"text1noticias\">Con esta asociaci\u00f3n se busca fortalecer los lazos art\u00edsticos y culturales entre los artistas pl\u00e1sticos del caribe, donde se le dar\u00e1 oportunidad a exposiciones de diferentes artistas y pa\u00edses. <\/span><\/p>\n<\/p>\n<p><span class=\"text1noticias\">Durante el acto, la directiva celesion\u00f3 como punto del pr\u00f3ximo encuentro la Republica Dominicana, donde ser\u00e1 efectuada una exposici\u00f3n, la cual pretende abrir las puertas a los artistas pl\u00e1sticos del caribe y Europa, para la mayor difusi\u00f3n y apreciaci\u00f3n de las artes.<\/span><\/p>\n<\/p>\n<p><span class=\"text1noticias\">Entre los artistas que participan en evento de la pl\u00e1stica figuran, los artistas puertorrique\u00f1os Vil Ortiz Mulero, Jorge Garc\u00eda, Cadel cabral y Noel Arroyo; y el dominicano, Arqu\u00edmedes Mej\u00eda. <\/span><\/p>\n<\/p>\n<p><span class=\"text1noticias\">En dicha exposici\u00f3n, el maestro Mej\u00eda se destaca con sus acostumbrados arlequines y su nueva tem\u00e1tica abstracta, cautivando al p\u00fablico puertorrique\u00f1o.<\/span><\/p>\n<\/p>\n<p><span class=\"text1noticias\">Este artista del pincel ha logrado muy buena acogida en la hermana isla del encanto, y es por esto, que recientemente dejo plasmado su primer mural internacional de arlequines, situado en la pared frontal de la galer\u00eda Frame Outlet en Bayamon.   <\/span><\/p>\n<\/p>\n<p><span class=\"text1noticias\">Mientras, que la destacada artista puertorrique\u00f1a, Vil Ortiz Mulero ha sido reconocida por los cr\u00edticos de arte de esa naci\u00f3n, por desplegar en sus obras  gran colorido, pasi\u00f3n y movimiento.<\/span><\/p>\n<\/p>\n<p><span class=\"text1noticias\">El encanto de sus obras abstractas llenas de luz y vida que nos envuelven y nos cautivan llev\u00e1ndonos a la plenitud e imaginaci\u00f3n, diferenciando su arte con sus t\u00edtulos de sus canciones, en las cuales se destacaron Sombras nada mas, entre otros, expreso Mej\u00eda. <\/span><\/p>\n<\/p>\n<p><span class=\"text1noticias\">Igualmente,  Jorge Garc\u00eda presento sus rostros caribenos muy pintorescos. Y Cadel Cabral cautivo al p\u00fablico con sus diferentes fusiones de cubismo y abstracto.<\/span><\/p>\n<p><span class=\"text1noticias\"> Noel arroyo exhibi\u00f3 al publico sus composiciones de quijote y de sus temas del medio ambiente.<\/span><\/p>\n<\/p>\n<p><span class=\"text1noticias\">La exposici\u00f3n colectiva se exhibe en la galer\u00eda Frame Outlet, ubicada en la avenida Santa Juanita cc 13, la cual dirige el empresario dominicano David Ortega. (HG)<\/span>.<\/p>\n<h6> 2012-03-13 19:43:12 <\/h6>\n<p><!--\n<link rel=\"stylesheet\" href=\"css\/bootstrap.min.css\">\n\n\n<ul class=\"pagination\">\n\t    \n\t\n\n<li >\n\t<a href='?page_no=17774'>Previous<\/a>\n\t<\/li>\n\n\n       \n    \n\n<li><a href='?page_no=1'>1<\/a><\/li>\n\n\n\n<li><a href='?page_no=2'>2<\/a><\/li>\n\n\n\n<li><a>...<\/a><\/li>\n\n\n\n<li><a href='?page_no=17773'>17773<\/a><\/li>\n\n\n\n<li><a href='?page_no=17774'>17774<\/a><\/li>\n\n\n\n<li class='active'><a>17775<\/a><\/li>\n\n\n\n<li><a href='?page_no=17776'>17776<\/a><\/li>\n\n\n\n<li><a href='?page_no=17777'>17777<\/a><\/li>\n\n\n\n<li><a>...<\/a><\/li>\n\n\n\n<li><a href='?page_no=22911'>22911<\/a><\/li>\n\n\n\n<li><a href='?page_no=22912'>22912<\/a><\/li>\n\n    \n\t\n\n<li >\n\t<a href='?page_no=17776'>Next<\/a>\n\t<\/li>\n\n\n    \n\n<li><a href='?page_no=22912'>Last &rsaquo;&rsaquo;<\/a><\/li>\n\n<\/ul>\n\n\n--><br \/>\n<\/body><\/p>\n","protected":false},"excerpt":{"rendered":"<p>Bayam\u00f3n Puerto Rico 13 de Marzo 03:47 P.M.- Durante la celebraci\u00f3n del III Encuentro de Artistas Pl\u00e1sticos del Caribe inaugurado en Puerto Rico, en el cual exponen su arte, diferentes artistas puertorrique\u00f1os y dominicanos, fue elegido el pintor dominicano Arqu\u00edmedes Mej\u00eda, como presidente del la Asociaci\u00f3n de Artistas Pl\u00e1sticos del Caribe. Con esta asociaci\u00f3n se [&hellip;]<\/p>\n","protected":false},"author":3,"featured_media":0,"comment_status":"open","ping_status":"open","sticky":false,"template":"","format":"standard","meta":{"footnotes":""},"categories":[21],"tags":[],"class_list":["post-66097","post","type-post","status-publish","format-standard","hentry","category-cultura"],"_links":{"self":[{"href":"https:\/\/diariodominicano.com\/index.php?rest_route=\/wp\/v2\/posts\/66097","targetHints":{"allow":["GET"]}}],"collection":[{"href":"https:\/\/diariodominicano.com\/index.php?rest_route=\/wp\/v2\/posts"}],"about":[{"href":"https:\/\/diariodominicano.com\/index.php?rest_route=\/wp\/v2\/types\/post"}],"author":[{"embeddable":true,"href":"https:\/\/diariodominicano.com\/index.php?rest_route=\/wp\/v2\/users\/3"}],"replies":[{"embeddable":true,"href":"https:\/\/diariodominicano.com\/index.php?rest_route=%2Fwp%2Fv2%2Fcomments&post=66097"}],"version-history":[{"count":0,"href":"https:\/\/diariodominicano.com\/index.php?rest_route=\/wp\/v2\/posts\/66097\/revisions"}],"wp:attachment":[{"href":"https:\/\/diariodominicano.com\/index.php?rest_route=%2Fwp%2Fv2%2Fmedia&parent=66097"}],"wp:term":[{"taxonomy":"category","embeddable":true,"href":"https:\/\/diariodominicano.com\/index.php?rest_route=%2Fwp%2Fv2%2Fcategories&post=66097"},{"taxonomy":"post_tag","embeddable":true,"href":"https:\/\/diariodominicano.com\/index.php?rest_route=%2Fwp%2Fv2%2Ftags&post=66097"}],"curies":[{"name":"wp","href":"https:\/\/api.w.org\/{rel}","templated":true}]}}