{"id":66096,"date":"2012-03-13T19:49:58","date_gmt":"2012-03-13T19:49:58","guid":{"rendered":"http:\/\/diariodominicano.ddns.net\/?p=66096"},"modified":"2012-03-13T19:49:58","modified_gmt":"2012-03-13T19:49:58","slug":"nicaragua-brinda-informacion-para-capturar-al-asesino-de-cabral","status":"publish","type":"post","link":"https:\/\/diariodominicano.com\/?p=66096","title":{"rendered":"Nicaragua brinda informaci\u00f3n para capturar al asesino de Cabral"},"content":{"rendered":"<p><body><\/p>\n<p><span class=\"text1noticias\">MANAGUA, 13 mar 03:51P.M.- (Xinhua) &#8212; La fiscal\u00eda del Ministerio P\u00fablico brind\u00f3 informaci\u00f3n a las Fiscal\u00edas de Guatemala y Costa Rica para dar con el paradero del costarricense Alejandro Jim\u00e9nez, alias \u00abEl Palidejo\u00bb, sospechoso de asesinar al cantautor argentino Facundo Cabral.<\/span><\/p>\n<\/p>\n<p><span class=\"text1noticias\">   El fiscal jefe de la Unidad Anticorrupci\u00f3n y Crimen Organizado del Ministerio P\u00fablico, Javier Moraz\u00e1n, indic\u00f3 hoy en la p\u00e1gina digital del peri\u00f3dico \u00abEl Nuevo Diario\u00bb que la informaci\u00f3n brindada propici\u00f3 la captura del \u00abEl Palidejo\u00bb en Colombia el lunes pasado.<\/span><\/p>\n<\/p>\n<p><span class=\"text1noticias\">   La prensa local destac\u00f3 el arresto de Alejandro Jim\u00e9nez, a quien apodan \u00abEl Palidejo\u00bb, quien es sospechoso principal de ser el autor material del asesinato de Cabral el pasado 9 de julio en ciudad de Guatemala.<\/span><\/p>\n<\/p>\n<p><span class=\"text1noticias\">   Moraz\u00e1n indic\u00f3 que el caso contra 16 personas de la banda \u00abLos Charros\u00bb, ha sido de vital importancia para los Ministerios P\u00fablicos de Guatemala y Costa Rica, por tener relaci\u00f3n con \u00abEl Palidejo\u00bb.<\/span><\/p>\n<\/p>\n<p><span class=\"text1noticias\">   Por su parte, la secretaria ejecutiva del Ministerio P\u00fablico, Delia Rosales, dijo a la misma fuente que continuar\u00e1n las labores de coordinaci\u00f3n con las instituciones de esos pa\u00edses sobre el caso de la muerte de Cabral.<\/span><\/p>\n<\/p>\n<p><span class=\"text1noticias\">   Agreg\u00f3 que en el atentado result\u00f3 herido el empresario nicaraguense Henry Fari\u00f1as.<\/span><\/p>\n<\/p>\n<p><span class=\"text1noticias\">   \u00abEl Palidejo\u00bb est\u00e1 acusado de ser el autor material del asesinato del cantautor Cabral, cuando \u00e9ste se transportaba hacia el aeropuerto de esa localidad, acompa\u00f1ado de Fari\u00f1as.<\/span><\/p>\n<\/p>\n<p><span class=\"text1noticias\">   De acuerdo con las autoridades de Guatemala, el atentado iba dirigido contra Fari\u00f1as, quien fue herido de gravedad.(HG). <\/span><\/p>\n<h6> 2012-03-13 19:49:58 <\/h6>\n<p><!--\n<link rel=\"stylesheet\" href=\"css\/bootstrap.min.css\">\n\n\n<ul class=\"pagination\">\n\t    \n\t\n\n<li >\n\t<a href='?page_no=17773'>Previous<\/a>\n\t<\/li>\n\n\n       \n    \n\n<li><a href='?page_no=1'>1<\/a><\/li>\n\n\n\n<li><a href='?page_no=2'>2<\/a><\/li>\n\n\n\n<li><a>...<\/a><\/li>\n\n\n\n<li><a href='?page_no=17772'>17772<\/a><\/li>\n\n\n\n<li><a href='?page_no=17773'>17773<\/a><\/li>\n\n\n\n<li class='active'><a>17774<\/a><\/li>\n\n\n\n<li><a href='?page_no=17775'>17775<\/a><\/li>\n\n\n\n<li><a href='?page_no=17776'>17776<\/a><\/li>\n\n\n\n<li><a>...<\/a><\/li>\n\n\n\n<li><a href='?page_no=22911'>22911<\/a><\/li>\n\n\n\n<li><a href='?page_no=22912'>22912<\/a><\/li>\n\n    \n\t\n\n<li >\n\t<a href='?page_no=17775'>Next<\/a>\n\t<\/li>\n\n\n    \n\n<li><a href='?page_no=22912'>Last &rsaquo;&rsaquo;<\/a><\/li>\n\n<\/ul>\n\n\n--><br \/>\n<\/body><\/p>\n","protected":false},"excerpt":{"rendered":"<p>MANAGUA, 13 mar 03:51P.M.- (Xinhua) &#8212; La fiscal\u00eda del Ministerio P\u00fablico brind\u00f3 informaci\u00f3n a las Fiscal\u00edas de Guatemala y Costa Rica para dar con el paradero del costarricense Alejandro Jim\u00e9nez, alias \u00abEl Palidejo\u00bb, sospechoso de asesinar al cantautor argentino Facundo Cabral. El fiscal jefe de la Unidad Anticorrupci\u00f3n y Crimen Organizado del Ministerio P\u00fablico, Javier [&hellip;]<\/p>\n","protected":false},"author":3,"featured_media":0,"comment_status":"open","ping_status":"open","sticky":false,"template":"","format":"standard","meta":{"footnotes":""},"categories":[21],"tags":[],"class_list":["post-66096","post","type-post","status-publish","format-standard","hentry","category-cultura"],"_links":{"self":[{"href":"https:\/\/diariodominicano.com\/index.php?rest_route=\/wp\/v2\/posts\/66096","targetHints":{"allow":["GET"]}}],"collection":[{"href":"https:\/\/diariodominicano.com\/index.php?rest_route=\/wp\/v2\/posts"}],"about":[{"href":"https:\/\/diariodominicano.com\/index.php?rest_route=\/wp\/v2\/types\/post"}],"author":[{"embeddable":true,"href":"https:\/\/diariodominicano.com\/index.php?rest_route=\/wp\/v2\/users\/3"}],"replies":[{"embeddable":true,"href":"https:\/\/diariodominicano.com\/index.php?rest_route=%2Fwp%2Fv2%2Fcomments&post=66096"}],"version-history":[{"count":0,"href":"https:\/\/diariodominicano.com\/index.php?rest_route=\/wp\/v2\/posts\/66096\/revisions"}],"wp:attachment":[{"href":"https:\/\/diariodominicano.com\/index.php?rest_route=%2Fwp%2Fv2%2Fmedia&parent=66096"}],"wp:term":[{"taxonomy":"category","embeddable":true,"href":"https:\/\/diariodominicano.com\/index.php?rest_route=%2Fwp%2Fv2%2Fcategories&post=66096"},{"taxonomy":"post_tag","embeddable":true,"href":"https:\/\/diariodominicano.com\/index.php?rest_route=%2Fwp%2Fv2%2Ftags&post=66096"}],"curies":[{"name":"wp","href":"https:\/\/api.w.org\/{rel}","templated":true}]}}