{"id":660952,"date":"2026-01-18T18:08:04","date_gmt":"2026-01-18T22:08:04","guid":{"rendered":"https:\/\/diariodominicano.com\/?p=660952"},"modified":"2026-01-18T19:57:52","modified_gmt":"2026-01-18T23:57:52","slug":"fuerza-del-pueblo-rechaza-aumento-de-la-tarifa-del-agua-anunciado-por-la-caasd","status":"publish","type":"post","link":"https:\/\/diariodominicano.com\/?p=660952","title":{"rendered":"Fuerza del Pueblo rechaza aumento de la tarifa del agua anunciado por la CAASD"},"content":{"rendered":"\n<p> Antonio Flori\u00e1n  y  Hamlet Ot\u00e1\u00f1ez<\/p>\n\n\n\n<p>La Fuerza del Pueblo expres\u00f3 su firme rechazo al aumento en la tarifa del servicio de agua potable anunciado por la Corporaci\u00f3n del Acueducto y Alcantarillado de Santo Domingo (CAASD).<\/p>\n\n\n\n<p><\/p>\n\n\n\n<p> Fuerza del Pueblo  advierte que esta medida es injusta e insensible, ya que castiga a los sectores m\u00e1s vulnerables del Gran Santo Domingo en un contexto de alto costo de la vida.<\/p>\n\n\n\n<p>El secretario general de la FP  Antonio Flori\u00e1n  y el ingeniero Hamlet Ot\u00e1\u00f1ez, titular de la Secretar\u00eda de Agua Potable y Saneamiento del partido, se\u00f1alaron que el agua es un derecho fundamental y no debe ser tratada como una mercanc\u00eda. Denunciaron que el incremento se produce a pesar de las constantes quejas por la falta de suministro en sectores como Ciudad Juan Bosch, Los Mina, Villa Mella, Herrera y Los Alcarrizos, entre otros.<\/p>\n\n\n\n<p>Llamaron la atenci\u00f3n que desde la Fuerza del Pueblo se exige que, antes de aumentar tarifas, la CAASD se concentre en:<\/p>\n\n\n\n<p>\u00a0 &#8211; Mejorar la gesti\u00f3n y reducir las p\u00e9rdidas de agua.<br>\u00a0 &#8211; Revisar la estructura de gastos administrativos y la n\u00f3mina abultada.<br>\u00a0 &#8211; Garantizar un servicio eficiente, continuo y de calidad. Y <br>\u00a0 &#8211; Ampliar la cobertura de micromedici\u00f3n para que el cobro sea justo y real.<\/p>\n\n\n\n<p>Fuerza del Pueblo hizo  un llamado al gobierno para reconsiderar esta medida y abrir un espacio de di\u00e1logo con los sectores sociales, priorizando una pol\u00edtica h\u00eddrica equitativa y sostenible, se\u00f1ala la FP a trav\u00e9s de un comunicado de prensa  de la Secretar\u00eda de Comunicaciones de  Fuerza del Pueblo.<\/p>\n\n\n\n<p>#Fuerza del Pueblo                 #CAASD<\/p>\n","protected":false},"excerpt":{"rendered":"<p>Antonio Flori\u00e1n y Hamlet Ot\u00e1\u00f1ez La Fuerza del Pueblo expres\u00f3 su firme rechazo al aumento en la tarifa del servicio de agua potable anunciado por la Corporaci\u00f3n del Acueducto y Alcantarillado de Santo Domingo (CAASD). Fuerza del Pueblo advierte que esta medida es injusta e insensible, ya que castiga a los sectores m\u00e1s vulnerables del [&hellip;]<\/p>\n","protected":false},"author":2,"featured_media":660953,"comment_status":"closed","ping_status":"closed","sticky":false,"template":"","format":"standard","meta":{"footnotes":""},"categories":[20,22,27],"tags":[175],"class_list":["post-660952","post","type-post","status-publish","format-standard","has-post-thumbnail","hentry","category-dominicana-hoy","category-politica","category-portada","tag-pld"],"_links":{"self":[{"href":"https:\/\/diariodominicano.com\/index.php?rest_route=\/wp\/v2\/posts\/660952","targetHints":{"allow":["GET"]}}],"collection":[{"href":"https:\/\/diariodominicano.com\/index.php?rest_route=\/wp\/v2\/posts"}],"about":[{"href":"https:\/\/diariodominicano.com\/index.php?rest_route=\/wp\/v2\/types\/post"}],"author":[{"embeddable":true,"href":"https:\/\/diariodominicano.com\/index.php?rest_route=\/wp\/v2\/users\/2"}],"replies":[{"embeddable":true,"href":"https:\/\/diariodominicano.com\/index.php?rest_route=%2Fwp%2Fv2%2Fcomments&post=660952"}],"version-history":[{"count":3,"href":"https:\/\/diariodominicano.com\/index.php?rest_route=\/wp\/v2\/posts\/660952\/revisions"}],"predecessor-version":[{"id":660956,"href":"https:\/\/diariodominicano.com\/index.php?rest_route=\/wp\/v2\/posts\/660952\/revisions\/660956"}],"wp:featuredmedia":[{"embeddable":true,"href":"https:\/\/diariodominicano.com\/index.php?rest_route=\/wp\/v2\/media\/660953"}],"wp:attachment":[{"href":"https:\/\/diariodominicano.com\/index.php?rest_route=%2Fwp%2Fv2%2Fmedia&parent=660952"}],"wp:term":[{"taxonomy":"category","embeddable":true,"href":"https:\/\/diariodominicano.com\/index.php?rest_route=%2Fwp%2Fv2%2Fcategories&post=660952"},{"taxonomy":"post_tag","embeddable":true,"href":"https:\/\/diariodominicano.com\/index.php?rest_route=%2Fwp%2Fv2%2Ftags&post=660952"}],"curies":[{"name":"wp","href":"https:\/\/api.w.org\/{rel}","templated":true}]}}