{"id":66095,"date":"2012-03-14T14:09:38","date_gmt":"2012-03-14T14:09:38","guid":{"rendered":"http:\/\/diariodominicano.ddns.net\/?p=66095"},"modified":"2012-03-14T14:09:38","modified_gmt":"2012-03-14T14:09:38","slug":"escritores-dominicanos-leeran-este-viernes-poesias","status":"publish","type":"post","link":"https:\/\/diariodominicano.com\/?p=66095","title":{"rendered":"Escritores dominicanos leer\u00e1n este viernes poes\u00edas"},"content":{"rendered":"<p><body><\/p>\n<p><span class=\"text1noticias\">Nueva York, 14 marzo (10:00 am ).- Un grupo de escritores dominicanos, tanto conocidos como emergentes, se reunir\u00e1n este viernes en Nueva York para una lectura de su poes\u00eda y narrativa, en la biblioteca p\u00fablica de Corona, en el condado de Queens.<\/span><\/p>\n<\/p>\n<p><span class=\"text1noticias\">En su sexta edici\u00f3n, \u00abVoces de la di\u00e1spora dominicana\u00bb celebra de esta forma el Mes de la Herencia y Cultura Dominicana, organizado por The Hispanic\/Latino Cultural Center y la entrada es gratis, se\u00f1ala hoy un comunicado de prensa.<\/span><\/p>\n<\/p>\n<p><span class=\"text1noticias\">La lista de escritores incluye a Eduardo Lantigua, narrador y cr\u00edtico, que en su pa\u00eds tuvo parte activa en el Taller literario C\u00e9sar Vallejo de la Universidad Aut\u00f3noma de Santo Domingo.<\/span><\/p>\n<\/p>\n<p><span class=\"text1noticias\">Lantigua, autor de \u00abUn pez atrapado en el desierto\u00bb, su m\u00e1s reciente obra, fue fundador del Taller literario Jos\u00e9 Mart\u00ed, en su natal Villa Altagracia, mientras que en Nueva York participa con frecuencia en tertulias literarias.<\/span><\/p>\n<\/p>\n<p><span class=\"text1noticias\">Tambi\u00e9n Elsa Batista, directora de la Casa de la Cultura de Nueva Jersey, que promueve la cultura latinoamericana, cuya reciente publicaci\u00f3n es el libro de poes\u00edas \u00abLasitud del vuelo\u00bb.<\/span><\/p>\n<\/p>\n<p><span class=\"text1noticias\">Adem\u00e1s participar\u00e1n Mar\u00eda Calderas, Jos\u00e9 Camacho y G\u00e9nesis Rodr\u00edguez (narradores), estudiantes de escuela secundaria que nacieron en la Rep\u00fablica Dominicana y que asisten a un curso de escritura creativa bajo la directriz del escritor Rub\u00e9n S\u00e1nchez F\u00e9liz.<\/span><\/p>\n<\/p>\n<p><span class=\"text1noticias\">La poetisa Claribel D\u00edaz tambi\u00e9n leer\u00e1 su trabajo, de acuerdo con el comunicado, que destaca que la escritora fue miembro del Taller Literario C\u00e9sar Vallejo de 1990-95 y fundadora del Colectivo de Mujeres Escritoras A\u00edda Cartagena Portalat\u00edn (1991).<\/span><\/p>\n<\/p>\n<p><span class=\"text1noticias\">El trabajo de D\u00edaz que radica en Nueva York desde 1996 donde trabaja como terapeuta, ha sido incluido en varias antolog\u00edas, publicado en peri\u00f3dicos y revistas nacionales e internacionales.<\/span><\/p>\n<\/p>\n<p><span class=\"text1noticias\">El escritor Juan Nicol\u00e1s Tineo, profesor de espa\u00f1ol en Nueva York y autor del poemario \u00abAtrapado en la noche\u00bb, tambi\u00e9n figura en la lista.(AD)<\/span>.<\/p>\n<\/p>\n<h6> 2012-03-14 14:09:38 <\/h6>\n<p><!--\n<link rel=\"stylesheet\" href=\"css\/bootstrap.min.css\">\n\n\n<ul class=\"pagination\">\n\t    \n\t\n\n<li >\n\t<a href='?page_no=17772'>Previous<\/a>\n\t<\/li>\n\n\n       \n    \n\n<li><a href='?page_no=1'>1<\/a><\/li>\n\n\n\n<li><a href='?page_no=2'>2<\/a><\/li>\n\n\n\n<li><a>...<\/a><\/li>\n\n\n\n<li><a href='?page_no=17771'>17771<\/a><\/li>\n\n\n\n<li><a href='?page_no=17772'>17772<\/a><\/li>\n\n\n\n<li class='active'><a>17773<\/a><\/li>\n\n\n\n<li><a href='?page_no=17774'>17774<\/a><\/li>\n\n\n\n<li><a href='?page_no=17775'>17775<\/a><\/li>\n\n\n\n<li><a>...<\/a><\/li>\n\n\n\n<li><a href='?page_no=22911'>22911<\/a><\/li>\n\n\n\n<li><a href='?page_no=22912'>22912<\/a><\/li>\n\n    \n\t\n\n<li >\n\t<a href='?page_no=17774'>Next<\/a>\n\t<\/li>\n\n\n    \n\n<li><a href='?page_no=22912'>Last &rsaquo;&rsaquo;<\/a><\/li>\n\n<\/ul>\n\n\n--><br \/>\n<\/body><\/p>\n","protected":false},"excerpt":{"rendered":"<p>Nueva York, 14 marzo (10:00 am ).- Un grupo de escritores dominicanos, tanto conocidos como emergentes, se reunir\u00e1n este viernes en Nueva York para una lectura de su poes\u00eda y narrativa, en la biblioteca p\u00fablica de Corona, en el condado de Queens. En su sexta edici\u00f3n, \u00abVoces de la di\u00e1spora dominicana\u00bb celebra de esta forma [&hellip;]<\/p>\n","protected":false},"author":3,"featured_media":0,"comment_status":"open","ping_status":"open","sticky":false,"template":"","format":"standard","meta":{"footnotes":""},"categories":[21],"tags":[],"class_list":["post-66095","post","type-post","status-publish","format-standard","hentry","category-cultura"],"_links":{"self":[{"href":"https:\/\/diariodominicano.com\/index.php?rest_route=\/wp\/v2\/posts\/66095","targetHints":{"allow":["GET"]}}],"collection":[{"href":"https:\/\/diariodominicano.com\/index.php?rest_route=\/wp\/v2\/posts"}],"about":[{"href":"https:\/\/diariodominicano.com\/index.php?rest_route=\/wp\/v2\/types\/post"}],"author":[{"embeddable":true,"href":"https:\/\/diariodominicano.com\/index.php?rest_route=\/wp\/v2\/users\/3"}],"replies":[{"embeddable":true,"href":"https:\/\/diariodominicano.com\/index.php?rest_route=%2Fwp%2Fv2%2Fcomments&post=66095"}],"version-history":[{"count":0,"href":"https:\/\/diariodominicano.com\/index.php?rest_route=\/wp\/v2\/posts\/66095\/revisions"}],"wp:attachment":[{"href":"https:\/\/diariodominicano.com\/index.php?rest_route=%2Fwp%2Fv2%2Fmedia&parent=66095"}],"wp:term":[{"taxonomy":"category","embeddable":true,"href":"https:\/\/diariodominicano.com\/index.php?rest_route=%2Fwp%2Fv2%2Fcategories&post=66095"},{"taxonomy":"post_tag","embeddable":true,"href":"https:\/\/diariodominicano.com\/index.php?rest_route=%2Fwp%2Fv2%2Ftags&post=66095"}],"curies":[{"name":"wp","href":"https:\/\/api.w.org\/{rel}","templated":true}]}}