{"id":66094,"date":"2012-03-14T14:13:15","date_gmt":"2012-03-14T14:13:15","guid":{"rendered":"http:\/\/diariodominicano.ddns.net\/?p=66094"},"modified":"2012-03-14T14:13:15","modified_gmt":"2012-03-14T14:13:15","slug":"mirtha-berges-recibe-galardon-en-carolina-del-norte","status":"publish","type":"post","link":"https:\/\/diariodominicano.com\/?p=66094","title":{"rendered":"Mirtha Berg\u00e9s recibe galard\u00f3n en Carolina del Norte"},"content":{"rendered":"<p><body><\/p>\n<p><span class=\"text1noticias\">Carolina del Norte, Estados Unidos, 14 marzo (10:09 am).- Con motivo de Dia Internacional de la Mujer, la profesora dominicana Mirtha Berg\u00e9s fue Galardonada en esta ciudad norteamericana.<\/span><\/p>\n<\/p>\n<p><span class=\"text1noticias\">Durante el acto la l\u00edder comunitaria y pol\u00edtica Milagros Isaac destac\u00f3 los m\u00e9ritos y logros de la profesora Berg\u00e9s, quien durante m\u00e1s de 30 a\u00f1os ha estado impartiendo cursos dirigidos a la superaci\u00f3n de dominicanos y otros hispanos.<\/span><\/p>\n<\/p>\n<p><span class=\"text1noticias\">Isaac dijo que siente orgullo por haber sido su alumna en 1985, en su primer curso de relaciones humanas y oratoria, impartido en el Instituto Dominico-Americano de Santo Domingo.(AD)<\/span>.<\/p>\n<\/p>\n<\/p>\n<h6> 2012-03-14 14:13:15 <\/h6>\n<p><!--\n<link rel=\"stylesheet\" href=\"css\/bootstrap.min.css\">\n\n\n<ul class=\"pagination\">\n\t    \n\t\n\n<li >\n\t<a href='?page_no=17771'>Previous<\/a>\n\t<\/li>\n\n\n       \n    \n\n<li><a href='?page_no=1'>1<\/a><\/li>\n\n\n\n<li><a href='?page_no=2'>2<\/a><\/li>\n\n\n\n<li><a>...<\/a><\/li>\n\n\n\n<li><a href='?page_no=17770'>17770<\/a><\/li>\n\n\n\n<li><a href='?page_no=17771'>17771<\/a><\/li>\n\n\n\n<li class='active'><a>17772<\/a><\/li>\n\n\n\n<li><a href='?page_no=17773'>17773<\/a><\/li>\n\n\n\n<li><a href='?page_no=17774'>17774<\/a><\/li>\n\n\n\n<li><a>...<\/a><\/li>\n\n\n\n<li><a href='?page_no=22911'>22911<\/a><\/li>\n\n\n\n<li><a href='?page_no=22912'>22912<\/a><\/li>\n\n    \n\t\n\n<li >\n\t<a href='?page_no=17773'>Next<\/a>\n\t<\/li>\n\n\n    \n\n<li><a href='?page_no=22912'>Last &rsaquo;&rsaquo;<\/a><\/li>\n\n<\/ul>\n\n\n--><br \/>\n<\/body><\/p>\n","protected":false},"excerpt":{"rendered":"<p>Carolina del Norte, Estados Unidos, 14 marzo (10:09 am).- Con motivo de Dia Internacional de la Mujer, la profesora dominicana Mirtha Berg\u00e9s fue Galardonada en esta ciudad norteamericana. Durante el acto la l\u00edder comunitaria y pol\u00edtica Milagros Isaac destac\u00f3 los m\u00e9ritos y logros de la profesora Berg\u00e9s, quien durante m\u00e1s de 30 a\u00f1os ha estado [&hellip;]<\/p>\n","protected":false},"author":3,"featured_media":0,"comment_status":"open","ping_status":"open","sticky":false,"template":"","format":"standard","meta":{"footnotes":""},"categories":[21],"tags":[],"class_list":["post-66094","post","type-post","status-publish","format-standard","hentry","category-cultura"],"_links":{"self":[{"href":"https:\/\/diariodominicano.com\/index.php?rest_route=\/wp\/v2\/posts\/66094","targetHints":{"allow":["GET"]}}],"collection":[{"href":"https:\/\/diariodominicano.com\/index.php?rest_route=\/wp\/v2\/posts"}],"about":[{"href":"https:\/\/diariodominicano.com\/index.php?rest_route=\/wp\/v2\/types\/post"}],"author":[{"embeddable":true,"href":"https:\/\/diariodominicano.com\/index.php?rest_route=\/wp\/v2\/users\/3"}],"replies":[{"embeddable":true,"href":"https:\/\/diariodominicano.com\/index.php?rest_route=%2Fwp%2Fv2%2Fcomments&post=66094"}],"version-history":[{"count":0,"href":"https:\/\/diariodominicano.com\/index.php?rest_route=\/wp\/v2\/posts\/66094\/revisions"}],"wp:attachment":[{"href":"https:\/\/diariodominicano.com\/index.php?rest_route=%2Fwp%2Fv2%2Fmedia&parent=66094"}],"wp:term":[{"taxonomy":"category","embeddable":true,"href":"https:\/\/diariodominicano.com\/index.php?rest_route=%2Fwp%2Fv2%2Fcategories&post=66094"},{"taxonomy":"post_tag","embeddable":true,"href":"https:\/\/diariodominicano.com\/index.php?rest_route=%2Fwp%2Fv2%2Ftags&post=66094"}],"curies":[{"name":"wp","href":"https:\/\/api.w.org\/{rel}","templated":true}]}}