{"id":66093,"date":"2012-03-14T17:28:54","date_gmt":"2012-03-14T17:28:54","guid":{"rendered":"http:\/\/diariodominicano.ddns.net\/?p=66093"},"modified":"2012-03-14T17:28:54","modified_gmt":"2012-03-14T17:28:54","slug":"infotep-concluye-taller-a-directores-municipales","status":"publish","type":"post","link":"https:\/\/diariodominicano.com\/?p=66093","title":{"rendered":"INFOTEP concluye taller a Directores Municipales"},"content":{"rendered":"<p><body><\/p>\n<p><img decoding=\"async\" src=\"img3\/Natalia Diaz facilitadora INFOTEP.JPG\" \/>  <\/p>\n<p><span class=\"text1noticias\">01:20 pm, SANTAGO, Rep. Dominicana, 14 marzo.- El Instituto Nacional de Formaci\u00f3n T\u00e9cnico Profesional (INFOTEP), concluy\u00f3 aqu\u00ed un seminario-talller dirigido a los directores departamentales del Ayuntamiento de esta ciudad, con el objetivo de ampliar sus conocimientos y t\u00e9cnicas para el manejo de un personal con eficiencia en los servicios p\u00fablicos.<\/span><\/p>\n<p><span class=\"text1noticias\"> <\/span><\/p>\n<p><span class=\"text1noticias\">La licenciada Natalia D\u00edaz Nieto, facilitadota del INFOTEP en la regi\u00f3n norte dirigi\u00f3<\/span><\/p>\n<p><span class=\"text1noticias\">los trabajos finales del seminario-taller, que tuvo varias sesiones y fueron desarrolladas en el sal\u00f3n Juan Pablo Duarte del  Cabildo local.<\/span><\/p>\n<p><span class=\"text1noticias\"> <\/span><\/p>\n<p><span class=\"text1noticias\">Con este taller, ahora los directores departamentales de la Alcald\u00eda de Santiago, cuentan con mayores conocimientos para aplicar los m\u00e9todos y mecanismos que hagan posibles una mayor y mejor labor de sus subalternos, lo que se traducir\u00e1 en beneficio de los ciudadanos y ciudadanas que acuden a las oficinas municipales en procura de servicios<\/span>.<\/p>\n<\/p>\n<p><span class=\"text1noticias\">MC<\/span><\/p>\n<h6> 2012-03-14 17:28:54 <\/h6>\n<p><!--\n<link rel=\"stylesheet\" href=\"css\/bootstrap.min.css\">\n\n\n<ul class=\"pagination\">\n\t    \n\t\n\n<li >\n\t<a href='?page_no=17770'>Previous<\/a>\n\t<\/li>\n\n\n       \n    \n\n<li><a href='?page_no=1'>1<\/a><\/li>\n\n\n\n<li><a href='?page_no=2'>2<\/a><\/li>\n\n\n\n<li><a>...<\/a><\/li>\n\n\n\n<li><a href='?page_no=17769'>17769<\/a><\/li>\n\n\n\n<li><a href='?page_no=17770'>17770<\/a><\/li>\n\n\n\n<li class='active'><a>17771<\/a><\/li>\n\n\n\n<li><a href='?page_no=17772'>17772<\/a><\/li>\n\n\n\n<li><a href='?page_no=17773'>17773<\/a><\/li>\n\n\n\n<li><a>...<\/a><\/li>\n\n\n\n<li><a href='?page_no=22911'>22911<\/a><\/li>\n\n\n\n<li><a href='?page_no=22912'>22912<\/a><\/li>\n\n    \n\t\n\n<li >\n\t<a href='?page_no=17772'>Next<\/a>\n\t<\/li>\n\n\n    \n\n<li><a href='?page_no=22912'>Last &rsaquo;&rsaquo;<\/a><\/li>\n\n<\/ul>\n\n\n--><br \/>\n<\/body><\/p>\n","protected":false},"excerpt":{"rendered":"<p>01:20 pm, SANTAGO, Rep. Dominicana, 14 marzo.- El Instituto Nacional de Formaci\u00f3n T\u00e9cnico Profesional (INFOTEP), concluy\u00f3 aqu\u00ed un seminario-talller dirigido a los directores departamentales del Ayuntamiento de esta ciudad, con el objetivo de ampliar sus conocimientos y t\u00e9cnicas para el manejo de un personal con eficiencia en los servicios p\u00fablicos. La licenciada Natalia D\u00edaz Nieto, [&hellip;]<\/p>\n","protected":false},"author":3,"featured_media":0,"comment_status":"open","ping_status":"open","sticky":false,"template":"","format":"standard","meta":{"footnotes":""},"categories":[21],"tags":[],"class_list":["post-66093","post","type-post","status-publish","format-standard","hentry","category-cultura"],"_links":{"self":[{"href":"https:\/\/diariodominicano.com\/index.php?rest_route=\/wp\/v2\/posts\/66093","targetHints":{"allow":["GET"]}}],"collection":[{"href":"https:\/\/diariodominicano.com\/index.php?rest_route=\/wp\/v2\/posts"}],"about":[{"href":"https:\/\/diariodominicano.com\/index.php?rest_route=\/wp\/v2\/types\/post"}],"author":[{"embeddable":true,"href":"https:\/\/diariodominicano.com\/index.php?rest_route=\/wp\/v2\/users\/3"}],"replies":[{"embeddable":true,"href":"https:\/\/diariodominicano.com\/index.php?rest_route=%2Fwp%2Fv2%2Fcomments&post=66093"}],"version-history":[{"count":0,"href":"https:\/\/diariodominicano.com\/index.php?rest_route=\/wp\/v2\/posts\/66093\/revisions"}],"wp:attachment":[{"href":"https:\/\/diariodominicano.com\/index.php?rest_route=%2Fwp%2Fv2%2Fmedia&parent=66093"}],"wp:term":[{"taxonomy":"category","embeddable":true,"href":"https:\/\/diariodominicano.com\/index.php?rest_route=%2Fwp%2Fv2%2Fcategories&post=66093"},{"taxonomy":"post_tag","embeddable":true,"href":"https:\/\/diariodominicano.com\/index.php?rest_route=%2Fwp%2Fv2%2Ftags&post=66093"}],"curies":[{"name":"wp","href":"https:\/\/api.w.org\/{rel}","templated":true}]}}