{"id":660922,"date":"2026-01-18T16:21:45","date_gmt":"2026-01-18T20:21:45","guid":{"rendered":"https:\/\/diariodominicano.com\/?p=660922"},"modified":"2026-01-19T01:55:56","modified_gmt":"2026-01-19T05:55:56","slug":"leon-xiv-llama-a-poner-fin-a-la-violencia-y-crisis-humanitaria-en-rdc","status":"publish","type":"post","link":"https:\/\/diariodominicano.com\/?p=660922","title":{"rendered":"Le\u00f3n XIV llama a poner fin a la violencia y crisis humanitaria en RDC"},"content":{"rendered":"\n<p>Roma, 18 ene (Prensa Latina) El papa Le\u00f3n XIV abog\u00f3 hoy por acciones para poner fin a la violencia y a la compleja situaci\u00f3n humanitaria que prevalece en la Rep\u00fablica Democr\u00e1tica del Congo (RDC).<\/p>\n\n\n\n<p><a href=\"https:\/\/www.prensa-latina.cu\/2026\/01\/18\/\"><time>enero 18, 2026 | 13:24<\/time><\/a> <\/p>\n\n\n\n<p>En sus palabras tras el rezo del \u00c1ngelus, pronunciadas al mediod\u00eda de este domingo desde la ventana de su estudio en el Palacio Apost\u00f3lico Vaticano ante miles de personas reunidas en la Plaza de San Pedro, el sumo pont\u00edfice expres\u00f3 su preocupaci\u00f3n por la inestabilidad motivada por los enfrentamientos armados en esa naci\u00f3n africana.<\/p>\n\n\n\n<p>\u201cHoy quisiera recordar en particular las grandes dificultades que sufre la poblaci\u00f3n del este de la Rep\u00fablica Democr\u00e1tica del Congo, obligada a huir de su pa\u00eds, especialmente a Burundi, debido a la violencia, afrontando una grave crisis humanitaria\u201d, manifest\u00f3 el Obispo de Roma.<\/p>\n\n\n\n<p>\u201cOremos para que el di\u00e1logo por la reconciliaci\u00f3n y la paz prevalezca siempre entre las partes en conflicto\u201d, pidi\u00f3 el Santo Padre.<\/p>\n\n\n\n<p>La Oficina de Naciones Unidas para la Coordinaci\u00f3n de Asuntos Humanitarios (OCHA) alert\u00f3 el s\u00e1bado \u00faltimo que recientemente fueron desplazadas unas cien mil personas en la RDC como consecuencia de la violencia en la provincia de Ituri, afectada por las acciones de las Fuerzas Democr\u00e1ticas Aliadas, grupo afiliado al Estado Isl\u00e1mico.<\/p>\n\n\n\n<p>Por otra parte, desde inicios de diciembre del pasado a\u00f1o se reportaron combates entre milicias Lendus y grupos armados como la Fuerza de Resistencia Patri\u00f3tica de Ituri (FRPI) y la Cooperativa para el desarrollo del Congo (Codeco), en particular en las zonas de Fataki, Damas, Mangala, Bambu y Kilo.<\/p>\n\n\n\n<p>Durante una reuni\u00f3n de alto nivel sobre la Coherencia y la Consolidaci\u00f3n del Proceso de Paz en la Rep\u00fablica Democr\u00e1tica del Congo (RDC) y la Regi\u00f3n de los Grandes Lagos, se inst\u00f3 a acelerar el cumplimiento de los acuerdos para poner fin a los enfrentamientos b\u00e9licos en ese pa\u00eds.<\/p>\n\n\n\n<p>En ese encuentro, efectuado el pasado 17 de enero en Lom\u00e9, Togo, se convoc\u00f3 al Gobierno y los rebeldes de la Alianza del R\u00edo Congo-Movimiento 23 de Marzo (AFC\/M23), a reanudar sin demora las conversaciones en Doha, Qatar, para concluir las negociaciones sobre los seis protocolos restantes dentro del Acuerdo Marco firmado.<\/p>\n\n\n\n<p>rgh\/ort<\/p>\n\n\n\n<ul class=\"wp-block-list\">\n<li>#<a href=\"https:\/\/www.prensa-latina.cu\/etiqueta\/congo\/\">CONGO<\/a>&nbsp;#<a href=\"https:\/\/www.prensa-latina.cu\/etiqueta\/rdc\/\">rdc<\/a>&nbsp;#<a href=\"https:\/\/www.prensa-latina.cu\/etiqueta\/vaticano\/\">vaticano<\/a><\/li>\n<\/ul>\n","protected":false},"excerpt":{"rendered":"<p>Roma, 18 ene (Prensa Latina) El papa Le\u00f3n XIV abog\u00f3 hoy por acciones para poner fin a la violencia y a la compleja situaci\u00f3n humanitaria que prevalece en la Rep\u00fablica Democr\u00e1tica del Congo (RDC). enero 18, 2026 | 13:24 En sus palabras tras el rezo del \u00c1ngelus, pronunciadas al mediod\u00eda de este domingo desde la [&hellip;]<\/p>\n","protected":false},"author":2,"featured_media":660923,"comment_status":"closed","ping_status":"closed","sticky":false,"template":"","format":"standard","meta":{"footnotes":""},"categories":[36,23,27],"tags":[3345,3556,3843],"class_list":["post-660922","post","type-post","status-publish","format-standard","has-post-thumbnail","hentry","category-hombresmujeresycosas","category-internacional","category-portada","tag-papa-leon-xiv","tag-prensa-latina","tag-rdc"],"_links":{"self":[{"href":"https:\/\/diariodominicano.com\/index.php?rest_route=\/wp\/v2\/posts\/660922","targetHints":{"allow":["GET"]}}],"collection":[{"href":"https:\/\/diariodominicano.com\/index.php?rest_route=\/wp\/v2\/posts"}],"about":[{"href":"https:\/\/diariodominicano.com\/index.php?rest_route=\/wp\/v2\/types\/post"}],"author":[{"embeddable":true,"href":"https:\/\/diariodominicano.com\/index.php?rest_route=\/wp\/v2\/users\/2"}],"replies":[{"embeddable":true,"href":"https:\/\/diariodominicano.com\/index.php?rest_route=%2Fwp%2Fv2%2Fcomments&post=660922"}],"version-history":[{"count":2,"href":"https:\/\/diariodominicano.com\/index.php?rest_route=\/wp\/v2\/posts\/660922\/revisions"}],"predecessor-version":[{"id":660996,"href":"https:\/\/diariodominicano.com\/index.php?rest_route=\/wp\/v2\/posts\/660922\/revisions\/660996"}],"wp:featuredmedia":[{"embeddable":true,"href":"https:\/\/diariodominicano.com\/index.php?rest_route=\/wp\/v2\/media\/660923"}],"wp:attachment":[{"href":"https:\/\/diariodominicano.com\/index.php?rest_route=%2Fwp%2Fv2%2Fmedia&parent=660922"}],"wp:term":[{"taxonomy":"category","embeddable":true,"href":"https:\/\/diariodominicano.com\/index.php?rest_route=%2Fwp%2Fv2%2Fcategories&post=660922"},{"taxonomy":"post_tag","embeddable":true,"href":"https:\/\/diariodominicano.com\/index.php?rest_route=%2Fwp%2Fv2%2Ftags&post=660922"}],"curies":[{"name":"wp","href":"https:\/\/api.w.org\/{rel}","templated":true}]}}