{"id":66092,"date":"2012-03-14T17:36:47","date_gmt":"2012-03-14T17:36:47","guid":{"rendered":"http:\/\/diariodominicano.ddns.net\/?p=66092"},"modified":"2012-03-14T17:36:47","modified_gmt":"2012-03-14T17:36:47","slug":"destacan-en-nicaragua-merecimiento-de-premio-para-festival-de-poesia","status":"publish","type":"post","link":"https:\/\/diariodominicano.com\/?p=66092","title":{"rendered":"Destacan en Nicaragua merecimiento de premio para festival de poes\u00eda"},"content":{"rendered":"<p><body><\/p>\n<p><img decoding=\"async\" src=\"img3\/nicaragua festivinterpoesia.jpg\" \/>  <\/p>\n<p><span class=\"text1noticias\">01:33 pm, Managua, 14 mar (PL).-  El Festival Internacional de Poes\u00eda de Granada apoya la paz, los derechos humanos y la cultura, destac\u00f3 hoy el presidente del Parlamento nicarag\u00fcense, Ren\u00e9 N\u00fa\u00f1ez, al fundamentar la nominaci\u00f3n del evento el premio Pr\u00edncipe de Asturias 2012.<\/span><\/p>\n<\/p>\n<p><span class=\"text1noticias\">  Este Festival re\u00fane el acervo cultural de Nicaragua, las leyendas, la m\u00fasica, la danza de sus abor\u00edgenes y el folclore, expuso el titular del Legislativo durante la entrega al embajador de Espa\u00f1a, Le\u00f3n de la Torre, de la declaraci\u00f3n de respaldo de la Asamblea Nacional al otorgamiento del lauro.<\/span><\/p>\n<\/p>\n<p><span class=\"text1noticias\">Seg\u00fan el texto, el evento que en sus ocho ediciones ha recibido a m\u00e1s de mil poetas provenientes de 100 pa\u00edses y m\u00e1s de 50 mil turistas, merece el premio \u00abcomo un reconocimiento a su aporte a la cultura, a la libertad y al progreso de la humanidad\u00bb. El diplom\u00e1tico espa\u00f1ol declar\u00f3 a la prensa que la nominaci\u00f3n del m\u00e1s importante acontecimiento cultural de Nicaragua al Premio Pr\u00edncipe de Asturias de la Concordia 2012 es una candidatura s\u00f3lida, seria y con opciones reales, apoyada por numerosos artistas de renombre mundial.<\/span><\/p>\n<\/p>\n<p><span class=\"text1noticias\">A criterio de de la Torre la declaratoria parlamentaria aprobada por unanimidad el pasado 6 de marzo constituye un gesto muy simb\u00f3lico que expresa la voluntad popular del pueblo nicarag\u00fcense en apoyo a sus ra\u00edces culturales.<\/span><\/p>\n<\/p>\n<p><span class=\"text1noticias\">Por su parte, el presidente de la junta directiva del Festival, Francisco de As\u00eds, resalt\u00f3 el festival anual celebrado en la ciudad de Granada como la m\u00e1s grande y bella puesta en escena de la poes\u00eda del mundo en un escenario de Am\u00e9rica<\/span>.<\/p>\n<\/p>\n<p>MC<\/p>\n<h6> 2012-03-14 17:36:47 <\/h6>\n<p><!--\n<link rel=\"stylesheet\" href=\"css\/bootstrap.min.css\">\n\n\n<ul class=\"pagination\">\n\t    \n\t\n\n<li >\n\t<a href='?page_no=17769'>Previous<\/a>\n\t<\/li>\n\n\n       \n    \n\n<li><a href='?page_no=1'>1<\/a><\/li>\n\n\n\n<li><a href='?page_no=2'>2<\/a><\/li>\n\n\n\n<li><a>...<\/a><\/li>\n\n\n\n<li><a href='?page_no=17768'>17768<\/a><\/li>\n\n\n\n<li><a href='?page_no=17769'>17769<\/a><\/li>\n\n\n\n<li class='active'><a>17770<\/a><\/li>\n\n\n\n<li><a href='?page_no=17771'>17771<\/a><\/li>\n\n\n\n<li><a href='?page_no=17772'>17772<\/a><\/li>\n\n\n\n<li><a>...<\/a><\/li>\n\n\n\n<li><a href='?page_no=22911'>22911<\/a><\/li>\n\n\n\n<li><a href='?page_no=22912'>22912<\/a><\/li>\n\n    \n\t\n\n<li >\n\t<a href='?page_no=17771'>Next<\/a>\n\t<\/li>\n\n\n    \n\n<li><a href='?page_no=22912'>Last &rsaquo;&rsaquo;<\/a><\/li>\n\n<\/ul>\n\n\n--><br \/>\n<\/body><\/p>\n","protected":false},"excerpt":{"rendered":"<p>01:33 pm, Managua, 14 mar (PL).- El Festival Internacional de Poes\u00eda de Granada apoya la paz, los derechos humanos y la cultura, destac\u00f3 hoy el presidente del Parlamento nicarag\u00fcense, Ren\u00e9 N\u00fa\u00f1ez, al fundamentar la nominaci\u00f3n del evento el premio Pr\u00edncipe de Asturias 2012. Este Festival re\u00fane el acervo cultural de Nicaragua, las leyendas, la m\u00fasica, [&hellip;]<\/p>\n","protected":false},"author":3,"featured_media":0,"comment_status":"open","ping_status":"open","sticky":false,"template":"","format":"standard","meta":{"footnotes":""},"categories":[21],"tags":[],"class_list":["post-66092","post","type-post","status-publish","format-standard","hentry","category-cultura"],"_links":{"self":[{"href":"https:\/\/diariodominicano.com\/index.php?rest_route=\/wp\/v2\/posts\/66092","targetHints":{"allow":["GET"]}}],"collection":[{"href":"https:\/\/diariodominicano.com\/index.php?rest_route=\/wp\/v2\/posts"}],"about":[{"href":"https:\/\/diariodominicano.com\/index.php?rest_route=\/wp\/v2\/types\/post"}],"author":[{"embeddable":true,"href":"https:\/\/diariodominicano.com\/index.php?rest_route=\/wp\/v2\/users\/3"}],"replies":[{"embeddable":true,"href":"https:\/\/diariodominicano.com\/index.php?rest_route=%2Fwp%2Fv2%2Fcomments&post=66092"}],"version-history":[{"count":0,"href":"https:\/\/diariodominicano.com\/index.php?rest_route=\/wp\/v2\/posts\/66092\/revisions"}],"wp:attachment":[{"href":"https:\/\/diariodominicano.com\/index.php?rest_route=%2Fwp%2Fv2%2Fmedia&parent=66092"}],"wp:term":[{"taxonomy":"category","embeddable":true,"href":"https:\/\/diariodominicano.com\/index.php?rest_route=%2Fwp%2Fv2%2Fcategories&post=66092"},{"taxonomy":"post_tag","embeddable":true,"href":"https:\/\/diariodominicano.com\/index.php?rest_route=%2Fwp%2Fv2%2Ftags&post=66092"}],"curies":[{"name":"wp","href":"https:\/\/api.w.org\/{rel}","templated":true}]}}