{"id":660901,"date":"2026-01-18T02:38:50","date_gmt":"2026-01-18T06:38:50","guid":{"rendered":"https:\/\/diariodominicano.com\/?p=660901"},"modified":"2026-01-19T02:41:17","modified_gmt":"2026-01-19T06:41:17","slug":"el-presidente-abinader-llama-a-los-jovenes-estudiantes-de-neiba-a-acceder-a-la-plataforma-de-becas-del-ministerio-de-educacion-superior-ciencia-y-tecnologia","status":"publish","type":"post","link":"https:\/\/diariodominicano.com\/?p=660901","title":{"rendered":"Abinader\u00a0llama a los j\u00f3venes estudiantes de Neiba a acceder a la\u00a0plataforma de becas\u00a0del Ministerio de Educaci\u00f3n Superior, Ciencia y Tecnolog\u00eda\u00a0"},"content":{"rendered":"\n<h3 class=\"wp-block-heading\">Tambi\u00e9n sostiene mesa de trabajo con productores de uva de la provincia. <\/h3>\n\n\n\n<p>17 de Enero 2026 | 17:42<\/p>\n\n\n\n<p>Neiba, RD.\u2013&nbsp;<strong>El presidente Luis Abinader<\/strong>&nbsp;llam\u00f3 este s\u00e1bado a los j\u00f3venes estudiantes de esta provincia a acceder a la&nbsp;<strong>plataforma de becas<\/strong>&nbsp;del Ministerio de Educaci\u00f3n Superior, Ciencia y Tecnolog\u00eda&nbsp;<strong>(Mescyt)<\/strong>, destacando que estas&nbsp;<strong>oportunidades acad\u00e9micas<\/strong>&nbsp;representan una v\u00eda para impulsar su&nbsp;<strong>formaci\u00f3n universitaria<\/strong>&nbsp;y abrir&nbsp;<strong>nuevas puertas al desarrollo profesional.<\/strong><\/p>\n\n\n\n<p>Durante un encuentro celebrado en el Polit\u00e9cnico San Bartolom\u00e9 Ap\u00f3stol Fe y Alegr\u00eda, el presidente Abinader&nbsp;<strong>comparti\u00f3 de manera cercana con los estudiantes<\/strong>, escuchando con atenci\u00f3n cada una de sus&nbsp;<strong>inquietudes<\/strong>, a la vez que ofrec\u00eda&nbsp;<strong>respuestas claras y motivadoras.<\/strong><\/p>\n\n\n\n<p>El mandatario reafirm\u00f3 el compromiso del Gobierno con&nbsp;<strong>la educaci\u00f3n y el bienestar de la juventud<\/strong>, destacando la importancia de fortalecer&nbsp;<strong>la formaci\u00f3n acad\u00e9mica y los valores c\u00edvicos<\/strong>. En ese sentido, resalt\u00f3 que esta gesti\u00f3n reintrodujo la&nbsp;<strong>asignatura de<\/strong>&nbsp;<strong>Moral y C\u00edvica<\/strong>, al considerar que la formaci\u00f3n en valores es esencial para el ejercicio profesional y el crecimiento de la sociedad.<\/p>\n\n\n\n<figure class=\"wp-block-image\"><img decoding=\"async\" src=\"https:\/\/presidencia.gob.do\/sites\/default\/files\/inline-images\/1001218903.jpg\" alt=\"\"\/><\/figure>\n\n\n\n<p>El jefe de Estado resalt\u00f3 que la<strong>&nbsp;calidad acad\u00e9mica<\/strong>&nbsp;debe ir acompa\u00f1ada de&nbsp;<strong>principios \u00e9ticos y de responsabilidad ciudadana<\/strong>.<em>&nbsp;\u201cUsted puede ser el mejor m\u00e9dico y si usted le hace procedimientos que no eran necesarios a un paciente, usted va a ser un mal profesional; por lo tanto, el primer valor que tiene que tener un ser humano es la honestidad, la moral, la \u00e9tica y el civismo\u201d,<\/em>&nbsp;expres\u00f3.<\/p>\n\n\n\n<p>Tambi\u00e9n inform\u00f3 que sostuvo&nbsp;<strong>conversaciones<\/strong>&nbsp;con el rector de la Universidad Aut\u00f3noma de Santo Domingo (UASD),&nbsp;<strong>Editrudis Beltr\u00e1n<\/strong>, para la creaci\u00f3n de&nbsp;<strong>rutas de transporte<\/strong>&nbsp;que faciliten el&nbsp;<strong>acceso<\/strong>&nbsp;de los estudiantes de los distintos municipios&nbsp;<strong>al recinto universitario<\/strong>&nbsp;inaugurado este s\u00e1bado en&nbsp;<strong>Neiba.<\/strong><\/p>\n\n\n\n<p>El mandatario destac\u00f3 adem\u00e1s la importancia de la formaci\u00f3n t\u00e9cnica, se\u00f1alando que&nbsp;<strong>muchos t\u00e9cnicos logran ingresos competitivos gracias a su preparaci\u00f3n<\/strong>. Del mismo modo, resalt\u00f3 el&nbsp;<strong>dominio del idioma ingl\u00e9s<\/strong>&nbsp;como una gran ventaja para ampliar las&nbsp;<strong>oportunidades laborales y profesionales<\/strong>&nbsp;de la juventud dominicana.<\/p>\n\n\n\n<p>Asimismo, inform\u00f3 que enviar\u00e1 una&nbsp;<strong>comisi\u00f3n t\u00e9cnica&nbsp;<\/strong>para realizar un levantamiento de la&nbsp;<strong>situaci\u00f3n de las infraestructuras escolares&nbsp;<\/strong>en la provincia, con el prop\u00f3sito de continuar fortaleciendo el sistema educativo.<\/p>\n\n\n\n<figure class=\"wp-block-image\"><img decoding=\"async\" src=\"https:\/\/presidencia.gob.do\/sites\/default\/files\/inline-images\/1001218904.jpg\" alt=\"\"\/><\/figure>\n\n\n\n<p>En las palabras de bienvenida, la estudiante&nbsp;<strong>Doris Yarin\u00e9 Segura Guerrero<\/strong>&nbsp;agradeci\u00f3 al mandatario por el encuentro, el cual defini\u00f3 como&nbsp;<em>\u201cun espacio de di\u00e1logo cercano y constructivo donde la juventud tiene la oportunidad de ser escuchada y de compartir con respeto y responsabilidad sus aspiraciones, inquietudes y necesidades\u201d.<\/em><\/p>\n\n\n\n<p>La joven valor\u00f3 la disposici\u00f3n del presidente de compartir con los estudiantes y escuchar sus voces, afirmando que&nbsp;<strong>su presencia&nbsp;<\/strong>env\u00eda un<strong>&nbsp;mensaje claro de respaldo a la educaci\u00f3n p\u00fablica<\/strong>&nbsp;y al desarrollo de una&nbsp;<strong>juventud preparada y comprometida<\/strong>&nbsp;con el pa\u00eds.<\/p>\n\n\n\n<p><strong>Se re\u00fane con productores locales de uva<\/strong><\/p>\n\n\n\n<p>Posteriormente, el mandatario sostuvo una&nbsp;<strong>mesa de trabajo con productores de uva,<\/strong>&nbsp;donde escuch\u00f3 de primera mano las&nbsp;<strong>necesidades y propuestas<\/strong>&nbsp;del sector agr\u00edcola, con miras a impulsar&nbsp;<strong>soluciones<\/strong>&nbsp;que fortalezcan la producci\u00f3n y garanticen&nbsp;<strong>mayores oportunidades para los trabajadores del campo.<\/strong><\/p>\n\n\n\n<p>Durante la reuni\u00f3n, el presidente Abinader reiter\u00f3 su&nbsp;<strong>compromiso de respaldar al sector vitivin\u00edcola local<\/strong>, promoviendo acciones que contribuyan al&nbsp;<strong>crecimiento econ\u00f3mico<\/strong>&nbsp;de la provincia y al&nbsp;<strong>desarrollo sostenible<\/strong>&nbsp;de esta tradicional actividad productiva.<\/p>\n\n\n\n<p>Con informaci\u00f3n de la Presidencia de la Rep\u00fablica.<\/p>\n","protected":false},"excerpt":{"rendered":"<p>Tambi\u00e9n sostiene mesa de trabajo con productores de uva de la provincia. 17 de Enero 2026 | 17:42 Neiba, RD.\u2013&nbsp;El presidente Luis Abinader&nbsp;llam\u00f3 este s\u00e1bado a los j\u00f3venes estudiantes de esta provincia a acceder a la&nbsp;plataforma de becas&nbsp;del Ministerio de Educaci\u00f3n Superior, Ciencia y Tecnolog\u00eda&nbsp;(Mescyt), destacando que estas&nbsp;oportunidades acad\u00e9micas&nbsp;representan una v\u00eda para impulsar su&nbsp;formaci\u00f3n universitaria&nbsp;y [&hellip;]<\/p>\n","protected":false},"author":2,"featured_media":660902,"comment_status":"closed","ping_status":"closed","sticky":false,"template":"","format":"standard","meta":{"footnotes":""},"categories":[20,27],"tags":[1072,1854],"class_list":["post-660901","post","type-post","status-publish","format-standard","has-post-thumbnail","hentry","category-dominicana-hoy","category-portada","tag-mescyt","tag-presidente-abinader"],"_links":{"self":[{"href":"https:\/\/diariodominicano.com\/index.php?rest_route=\/wp\/v2\/posts\/660901","targetHints":{"allow":["GET"]}}],"collection":[{"href":"https:\/\/diariodominicano.com\/index.php?rest_route=\/wp\/v2\/posts"}],"about":[{"href":"https:\/\/diariodominicano.com\/index.php?rest_route=\/wp\/v2\/types\/post"}],"author":[{"embeddable":true,"href":"https:\/\/diariodominicano.com\/index.php?rest_route=\/wp\/v2\/users\/2"}],"replies":[{"embeddable":true,"href":"https:\/\/diariodominicano.com\/index.php?rest_route=%2Fwp%2Fv2%2Fcomments&post=660901"}],"version-history":[{"count":5,"href":"https:\/\/diariodominicano.com\/index.php?rest_route=\/wp\/v2\/posts\/660901\/revisions"}],"predecessor-version":[{"id":661013,"href":"https:\/\/diariodominicano.com\/index.php?rest_route=\/wp\/v2\/posts\/660901\/revisions\/661013"}],"wp:featuredmedia":[{"embeddable":true,"href":"https:\/\/diariodominicano.com\/index.php?rest_route=\/wp\/v2\/media\/660902"}],"wp:attachment":[{"href":"https:\/\/diariodominicano.com\/index.php?rest_route=%2Fwp%2Fv2%2Fmedia&parent=660901"}],"wp:term":[{"taxonomy":"category","embeddable":true,"href":"https:\/\/diariodominicano.com\/index.php?rest_route=%2Fwp%2Fv2%2Fcategories&post=660901"},{"taxonomy":"post_tag","embeddable":true,"href":"https:\/\/diariodominicano.com\/index.php?rest_route=%2Fwp%2Fv2%2Ftags&post=660901"}],"curies":[{"name":"wp","href":"https:\/\/api.w.org\/{rel}","templated":true}]}}