{"id":66089,"date":"2012-03-14T18:40:57","date_gmt":"2012-03-14T18:40:57","guid":{"rendered":"http:\/\/diariodominicano.ddns.net\/?p=66089"},"modified":"2012-03-14T18:40:57","modified_gmt":"2012-03-14T18:40:57","slug":"itinerarios-culturales-visitara-barahona-y-pedernales-en-honor-a-maria-montez","status":"publish","type":"post","link":"https:\/\/diariodominicano.com\/?p=66089","title":{"rendered":"Itinerarios  Culturales  visitar\u00e1  Barahona y Pedernales en honor a Mar\u00eda Montez"},"content":{"rendered":"<p><body><\/p>\n<p><img decoding=\"async\" src=\"http:\/\/localhost:8080\/img3\/playa.JPG\" \/>  <\/p>\n<p><span class=\"text1noticias\">El recorrido incluir\u00e1 el polo magn\u00e9tico de Barahona, la Laguna de Oviedo y Bah\u00edas de las \u00c1guilas, entre otros atractivos tur\u00edsticos culturales.<\/span><\/p>\n<\/p>\n<p><span class=\"text1noticias\">Rep.Dom, 14 de Marzo 02: 42 P.M.- El programa Itinerarios Culturales, del Ministerio de Cultura (MINC), visitar\u00e1 los polos tur\u00edsticos de Barahona y Pedernales, en un intenso recorrido en honor a la actriz Mar\u00eda Montez, al conmemorarse el centenario de su nacimiento.<\/span><\/p>\n<\/p>\n<p><span class=\"text1noticias\">El proyecto, a cargo de la Direcci\u00f3n de Turismo Cultural, completa con este viaje su und\u00e9cima ruta. <\/span><\/p>\n<\/p>\n<p><span class=\"text1noticias\">El itinerario se realizar\u00e1 del 31 de marzo al 1ro de abril, y promete ser una de las m\u00e1s interesantes rutas realizadas hasta el momento. Adem\u00e1s, forma parte de las actividades conmemorativas del centenario de la diva dominicana, quien alcanz\u00f3 fama y popularidad en la d\u00e9cada de 1940.<\/span><\/p>\n<\/p>\n<p><span class=\"text1noticias\">Los lugares a recorrer son: el centro hist\u00f3rico de Barahona, el Parque Central, Catedral Santa Cruz, edificio del Cuerpo de Bomberos, Ateneo, Iglesia Nuestra Se\u00f1ora del Rosario, Parque Tem\u00e1tico Infantil, Batey Villa Central, Bahoruco, Cascada del R\u00edo San Rafael y el lugar donde naci\u00f3 la actriz.<\/span><\/p>\n<\/p>\n<p><span class=\"text1noticias\">En Cabral los visitantes podr\u00e1n apreciar la muestra del sincretismo y religiosidad popular, al contemplar la Casa Templo de do\u00f1a China y Cola Blanca, su artesan\u00eda y el Carnaval con las Cachuas. <\/span><\/p>\n<\/p>\n<p><span class=\"text1noticias\">En Pedernales los viajeros disfrutar\u00e1n de la belleza natural de la Laguna de Oviedo y Bah\u00edas de las \u00c1guilas.<\/span><\/p>\n<\/p>\n<p><span class=\"text1noticias\">Los Itinerarios Culturales se iniciaron en el 2009 y hasta la fecha se han realizado 10 viajes a distintos puntos del pa\u00eds: Moca, San Crist\u00f3bal, Saman\u00e1, Montecristi, provincia Hermanas Mirabal y La Vega-Jarabacoa, entre otros puntos.<\/span><\/p>\n<\/p>\n<p><span class=\"text1noticias\">El proyecto tiene como objetivo dar conocer, a los ciudadanos, puntos tur\u00edsticos y culturales estrat\u00e9gicos de las distintas provincias dominicanas y mostrarles sus tradiciones, m\u00fasica, danza, gastronom\u00eda, arquitectura, bellezas naturales, desarrollo industrial, al tiempo que busca activar las industrias culturales de los distintos destinos visitados. (HG)<\/span>.<\/p>\n<h6> 2012-03-14 18:40:57 <\/h6>\n<p><!--\n<link rel=\"stylesheet\" href=\"css\/bootstrap.min.css\">\n\n\n<ul class=\"pagination\">\n\t    \n\t\n\n<li >\n\t<a href='?page_no=17766'>Previous<\/a>\n\t<\/li>\n\n\n       \n    \n\n<li><a href='?page_no=1'>1<\/a><\/li>\n\n\n\n<li><a href='?page_no=2'>2<\/a><\/li>\n\n\n\n<li><a>...<\/a><\/li>\n\n\n\n<li><a href='?page_no=17765'>17765<\/a><\/li>\n\n\n\n<li><a href='?page_no=17766'>17766<\/a><\/li>\n\n\n\n<li class='active'><a>17767<\/a><\/li>\n\n\n\n<li><a href='?page_no=17768'>17768<\/a><\/li>\n\n\n\n<li><a href='?page_no=17769'>17769<\/a><\/li>\n\n\n\n<li><a>...<\/a><\/li>\n\n\n\n<li><a href='?page_no=22911'>22911<\/a><\/li>\n\n\n\n<li><a href='?page_no=22912'>22912<\/a><\/li>\n\n    \n\t\n\n<li >\n\t<a href='?page_no=17768'>Next<\/a>\n\t<\/li>\n\n\n    \n\n<li><a href='?page_no=22912'>Last &rsaquo;&rsaquo;<\/a><\/li>\n\n<\/ul>\n\n\n--><br \/>\n<\/body><\/p>\n","protected":false},"excerpt":{"rendered":"<p>El recorrido incluir\u00e1 el polo magn\u00e9tico de Barahona, la Laguna de Oviedo y Bah\u00edas de las \u00c1guilas, entre otros atractivos tur\u00edsticos culturales. Rep.Dom, 14 de Marzo 02: 42 P.M.- El programa Itinerarios Culturales, del Ministerio de Cultura (MINC), visitar\u00e1 los polos tur\u00edsticos de Barahona y Pedernales, en un intenso recorrido en honor a la actriz [&hellip;]<\/p>\n","protected":false},"author":3,"featured_media":0,"comment_status":"open","ping_status":"open","sticky":false,"template":"","format":"standard","meta":{"footnotes":""},"categories":[21],"tags":[],"class_list":["post-66089","post","type-post","status-publish","format-standard","hentry","category-cultura"],"_links":{"self":[{"href":"https:\/\/diariodominicano.com\/index.php?rest_route=\/wp\/v2\/posts\/66089","targetHints":{"allow":["GET"]}}],"collection":[{"href":"https:\/\/diariodominicano.com\/index.php?rest_route=\/wp\/v2\/posts"}],"about":[{"href":"https:\/\/diariodominicano.com\/index.php?rest_route=\/wp\/v2\/types\/post"}],"author":[{"embeddable":true,"href":"https:\/\/diariodominicano.com\/index.php?rest_route=\/wp\/v2\/users\/3"}],"replies":[{"embeddable":true,"href":"https:\/\/diariodominicano.com\/index.php?rest_route=%2Fwp%2Fv2%2Fcomments&post=66089"}],"version-history":[{"count":0,"href":"https:\/\/diariodominicano.com\/index.php?rest_route=\/wp\/v2\/posts\/66089\/revisions"}],"wp:attachment":[{"href":"https:\/\/diariodominicano.com\/index.php?rest_route=%2Fwp%2Fv2%2Fmedia&parent=66089"}],"wp:term":[{"taxonomy":"category","embeddable":true,"href":"https:\/\/diariodominicano.com\/index.php?rest_route=%2Fwp%2Fv2%2Fcategories&post=66089"},{"taxonomy":"post_tag","embeddable":true,"href":"https:\/\/diariodominicano.com\/index.php?rest_route=%2Fwp%2Fv2%2Ftags&post=66089"}],"curies":[{"name":"wp","href":"https:\/\/api.w.org\/{rel}","templated":true}]}}