{"id":66088,"date":"2012-03-14T21:39:48","date_gmt":"2012-03-14T21:39:48","guid":{"rendered":"http:\/\/diariodominicano.ddns.net\/?p=66088"},"modified":"2012-03-14T21:39:48","modified_gmt":"2012-03-14T21:39:48","slug":"las-fundaciones-cisneros-y-tropicalia-reiteran-su-compromiso-con-la-educacion-y-la-responsabilidad-social-empresarial","status":"publish","type":"post","link":"https:\/\/diariodominicano.com\/?p=66088","title":{"rendered":"&#13;Las fundaciones Cisneros y Tropicalia reiteran su compromiso con la educacion y la responsabilidad social empresarial"},"content":{"rendered":"<p><body><\/p>\n<p><img decoding=\"async\" src=\"img3\/educacaribe.JPG\" \/>  <\/p>\n<p><span class=\"text1noticias\">Rep.Dom, 14 de Marzo 05:42 P.M.-En el marco del sexto encuentro regional del Foro Iberoamericano sobre Nuevas Tecnolog\u00edas Virtual Educa Caribe, la Fundaci\u00f3n Cisneros present\u00f3 una ponencia sobre la educaci\u00f3n del futuro, mientras que la Fundaci\u00f3n Tropicalia particip\u00f3 junto con dirigentes de la Fundaci\u00f3n Estrella, Fundaci\u00f3n Sur Futuro y la Universidad Abierta para Adultos (UAPA) en una discusi\u00f3n sobre el rol de la empresa privada en la educaci\u00f3n. <\/span><\/p>\n<\/p>\n<p><span class=\"text1noticias\">En el Foro, que fue organizado por FUNGLODE y tuvo lugar en la Universidad Abierta Para Adultos (UAPA) en Santiago de los Caballeros, la Fundaci\u00f3n Cisneros tambi\u00e9n sostuvo cuatro talleres de inducci\u00f3n del programa Actualizaci\u00f3n de Maestros en Educaci\u00f3n, una iniciativa educativa dirigida a maestros de educaci\u00f3n b\u00e1sica en Latinoam\u00e9rica. <\/span><\/p>\n<\/p>\n<p><span class=\"text1noticias\">Los talleres pr\u00e1cticos estuvieron relacionados con los cursos gratuitos en l\u00ednea que brinda dos veces al a\u00f1o para la actualizaci\u00f3n profesional de los docentes, con el objetivo de ense\u00f1arles destrezas que beneficien el proceso de ense\u00f1anza-aprendizaje en el aula. Este pr\u00f3ximo semestre AME est\u00e1 ofreciendo los cursos: Bloques b\u00e1sicos de negocios y planes de negocios y Apropiaci\u00f3n y uso de las Tecnolog\u00edas de Informaci\u00f3n y Comunicaci\u00f3n (TICs) en la escuela b\u00e1sica. <\/span><\/p>\n<\/p>\n<p><span class=\"text1noticias\">Por otra parte, Irene Hardy, Directora del Programa AME, tuvo una ponencia sobre \u00abLa educaci\u00f3n del futuro: m\u00f3vil, social y en la nube\u00bb. En su exposici\u00f3n, Hardy destac\u00f3: \u00abEn el \u00e1mbito de las Tecnolog\u00edas de Informaci\u00f3n y Comunicaci\u00f3n se han producido cambios formidables, que impactan de manera particular a la educaci\u00f3n y al proceso de ense\u00f1anza aprendizaje; ya que, los contextos educativos menos din\u00e1micos de ayer dan paso a contextos de transformaci\u00f3n acelerada\u00bb.<\/span><\/p>\n<\/p>\n<p><span class=\"text1noticias\">Otro de los temas abordados en Virtual Educa Caribe fue el de la educaci\u00f3n y la responsabilidad social corporativa. Contando su experiencia en Miches, Sofia Perazzo, Gerente de Proyectos de la Fundaci\u00f3n Tropicalia, explic\u00f3 el contexto actual en el cual se encuentra el sector privado, exponiendo que la globalizaci\u00f3n ha provocado una redefinici\u00f3n de la responsabilidad social empresarial, impulsando a que la empresa privada juegue un rol fundamental en el desarrollo sostenible, y por ende asume un reto importante en cuanto a  la educaci\u00f3n y la creaci\u00f3n de nuevas oportunidades. <\/span><\/p>\n<\/p>\n<p><span class=\"text1noticias\">La  misi\u00f3n de Virtual Educa Caribe (VEC) 2012 es reunir a los representantes del sector p\u00fablico, privado y ONGs del \u00e1mbito regional caribe\u00f1o con la finalidad de presentar buenas pr\u00e1cticas, estudiar casos e intercambiar experiencias de c\u00f3mo, en una sinergia de esfuerzos, es posible capacitar recursos humanos en nuevas tecnolog\u00edas, con \u00e9xito y eficiencia, para insertarlos en fuerza laboral, promover la innovaci\u00f3n y contribuir al desarrollo sostenible. El encuentro aspira a crear nuevas alianzas a nivel nacional e internacional, fomentar la multiplicaci\u00f3n y expansi\u00f3n de pr\u00e1cticas exitosas y establecer bases para un intercambio permanente. (HG)<\/span>.  <\/p>\n<h6> 2012-03-14 21:39:48 <\/h6>\n<p><!--\n<link rel=\"stylesheet\" href=\"css\/bootstrap.min.css\">\n\n\n<ul class=\"pagination\">\n\t    \n\t\n\n<li >\n\t<a href='?page_no=17765'>Previous<\/a>\n\t<\/li>\n\n\n       \n    \n\n<li><a href='?page_no=1'>1<\/a><\/li>\n\n\n\n<li><a href='?page_no=2'>2<\/a><\/li>\n\n\n\n<li><a>...<\/a><\/li>\n\n\n\n<li><a href='?page_no=17764'>17764<\/a><\/li>\n\n\n\n<li><a href='?page_no=17765'>17765<\/a><\/li>\n\n\n\n<li class='active'><a>17766<\/a><\/li>\n\n\n\n<li><a href='?page_no=17767'>17767<\/a><\/li>\n\n\n\n<li><a href='?page_no=17768'>17768<\/a><\/li>\n\n\n\n<li><a>...<\/a><\/li>\n\n\n\n<li><a href='?page_no=22911'>22911<\/a><\/li>\n\n\n\n<li><a href='?page_no=22912'>22912<\/a><\/li>\n\n    \n\t\n\n<li >\n\t<a href='?page_no=17767'>Next<\/a>\n\t<\/li>\n\n\n    \n\n<li><a href='?page_no=22912'>Last &rsaquo;&rsaquo;<\/a><\/li>\n\n<\/ul>\n\n\n--><br \/>\n<\/body><\/p>\n","protected":false},"excerpt":{"rendered":"<p>Rep.Dom, 14 de Marzo 05:42 P.M.-En el marco del sexto encuentro regional del Foro Iberoamericano sobre Nuevas Tecnolog\u00edas Virtual Educa Caribe, la Fundaci\u00f3n Cisneros present\u00f3 una ponencia sobre la educaci\u00f3n del futuro, mientras que la Fundaci\u00f3n Tropicalia particip\u00f3 junto con dirigentes de la Fundaci\u00f3n Estrella, Fundaci\u00f3n Sur Futuro y la Universidad Abierta para Adultos (UAPA) [&hellip;]<\/p>\n","protected":false},"author":3,"featured_media":0,"comment_status":"open","ping_status":"open","sticky":false,"template":"","format":"standard","meta":{"footnotes":""},"categories":[21],"tags":[],"class_list":["post-66088","post","type-post","status-publish","format-standard","hentry","category-cultura"],"_links":{"self":[{"href":"https:\/\/diariodominicano.com\/index.php?rest_route=\/wp\/v2\/posts\/66088","targetHints":{"allow":["GET"]}}],"collection":[{"href":"https:\/\/diariodominicano.com\/index.php?rest_route=\/wp\/v2\/posts"}],"about":[{"href":"https:\/\/diariodominicano.com\/index.php?rest_route=\/wp\/v2\/types\/post"}],"author":[{"embeddable":true,"href":"https:\/\/diariodominicano.com\/index.php?rest_route=\/wp\/v2\/users\/3"}],"replies":[{"embeddable":true,"href":"https:\/\/diariodominicano.com\/index.php?rest_route=%2Fwp%2Fv2%2Fcomments&post=66088"}],"version-history":[{"count":0,"href":"https:\/\/diariodominicano.com\/index.php?rest_route=\/wp\/v2\/posts\/66088\/revisions"}],"wp:attachment":[{"href":"https:\/\/diariodominicano.com\/index.php?rest_route=%2Fwp%2Fv2%2Fmedia&parent=66088"}],"wp:term":[{"taxonomy":"category","embeddable":true,"href":"https:\/\/diariodominicano.com\/index.php?rest_route=%2Fwp%2Fv2%2Fcategories&post=66088"},{"taxonomy":"post_tag","embeddable":true,"href":"https:\/\/diariodominicano.com\/index.php?rest_route=%2Fwp%2Fv2%2Ftags&post=66088"}],"curies":[{"name":"wp","href":"https:\/\/api.w.org\/{rel}","templated":true}]}}