{"id":66086,"date":"2012-03-15T17:28:13","date_gmt":"2012-03-15T17:28:13","guid":{"rendered":"http:\/\/diariodominicano.ddns.net\/?p=66086"},"modified":"2012-03-15T17:28:13","modified_gmt":"2012-03-15T17:28:13","slug":"novel-actor-cubano-debuta-como-artista-plastico-en-viena","status":"publish","type":"post","link":"https:\/\/diariodominicano.com\/?p=66086","title":{"rendered":"Novel actor cubano debuta como artista pl\u00e1stico en Viena"},"content":{"rendered":"<p><body><\/p>\n<p><span class=\"text1noticias\">1:17 pm, Viena, 15 mar (PL) El actor cubano Ivan Carreira (La edad de la peseta) despunt\u00f3 como artista pl\u00e1stico en una muestra colectiva latinoamericana, reci\u00e9n inaugurada aqu\u00ed en el prestigioso Palais Kabelwerk, seis a\u00f1os despu\u00e9s de su protag\u00f3nico en el filme de su coterr\u00e1neo, el cineasta Pavel Giroud.<\/span><\/p>\n<\/p>\n<p><span class=\"text1noticias\">  Con 20 a\u00f1os y una carrera centrada en la pl\u00e1stica, pone en la palestra sus Cr\u00f3nicas del viajero, 16 grabados en monotipia y linotipia de gran formato.<\/span><\/p>\n<\/p>\n<p><span class=\"text1noticias\">En declaraciones a Prensa Latina, la curadora de la exposici\u00f3n, Nybia G\u00f3mez, miembro de la Red de Cuba en Austria, afirm\u00f3 que el otrora actor adolescente, devenido pintor, es el eje motriz y centro de la muestra 12+1, en la que intervienen creadores de Colombia, Per\u00fa, M\u00e9xico, Guatemala y Cuba.<\/span><\/p>\n<\/p>\n<p><span class=\"text1noticias\">Entre estos \u00faltimos figuran Mercedes Cabrera, Milton Bernal y Mercedes Wartecker.<\/span><\/p>\n<\/p>\n<p><span class=\"text1noticias\">Seg\u00fan Carreira, con sus obras -pertenecientes a la serie Mirar-, se propone provocar en el espectador sensaciones, emociones y estados de \u00e1nimo que lo inviten a reflexionar sobre lo que le rodea.<\/span><\/p>\n<\/p>\n<p><span class=\"text1noticias\">Graduado de la Academia Nacional de Bellas Artes San Alejandro -de donde surgieron personalidades como Rita Longa, Victor Manuel y Servando Cabrera Moreno- invita, desde el impresionismo abstracto, a un estado de relajaci\u00f3n, \u00aba mover los sentimientos\u00bb, coment\u00f3.<\/span><\/p>\n<\/p>\n<p><span class=\"text1noticias\">A la apertura asistieron el fundador del Museo Cubano en Viena, Maximilian Reiss; el embajador de Cuba en Austria, Juan Carlos Mars\u00e1n Aguilera, y el presidente de la Federaci\u00f3n Austro-Cubana, Michael Wogerer, quien destac\u00f3 c\u00f3mo los artistas incitan, desde dis\u00edmiles formas, a pronunciarse, a pensar.<\/span><\/p>\n<\/p>\n<p><span class=\"text1noticias\">Como parte de su primera visita a la capital austr\u00edaca, Carreira asisti\u00f3 a una proyecci\u00f3n especial, en el Studio Augartem, de la pel\u00edcula que lo dio a conocer dentro y fuera de la isla.<\/span><\/p>\n<\/p>\n<p><span class=\"text1noticias\">Su faceta de artista pl\u00e1stico tambi\u00e9n ser\u00e1 mostrada en Styria, Graz, la segunda ciudad m\u00e1s importante de Austria, donde se proyectar\u00e1 La edad de la peseta, nominada en 2006 a los premios Goya, de la Academia de Cine espa\u00f1ola, en la categor\u00eda de mejor cinta extranjera filmada en lengua hispana, y premiada en festivales como San Francisco (Estados Unidos) y Cartagena de Indias (Colombia)<\/span>.<\/p>\n<h6> 2012-03-15 17:28:13 <\/h6>\n<p><!--\n<link rel=\"stylesheet\" href=\"css\/bootstrap.min.css\">\n\n\n<ul class=\"pagination\">\n\t    \n\t\n\n<li >\n\t<a href='?page_no=17763'>Previous<\/a>\n\t<\/li>\n\n\n       \n    \n\n<li><a href='?page_no=1'>1<\/a><\/li>\n\n\n\n<li><a href='?page_no=2'>2<\/a><\/li>\n\n\n\n<li><a>...<\/a><\/li>\n\n\n\n<li><a href='?page_no=17762'>17762<\/a><\/li>\n\n\n\n<li><a href='?page_no=17763'>17763<\/a><\/li>\n\n\n\n<li class='active'><a>17764<\/a><\/li>\n\n\n\n<li><a href='?page_no=17765'>17765<\/a><\/li>\n\n\n\n<li><a href='?page_no=17766'>17766<\/a><\/li>\n\n\n\n<li><a>...<\/a><\/li>\n\n\n\n<li><a href='?page_no=22911'>22911<\/a><\/li>\n\n\n\n<li><a href='?page_no=22912'>22912<\/a><\/li>\n\n    \n\t\n\n<li >\n\t<a href='?page_no=17765'>Next<\/a>\n\t<\/li>\n\n\n    \n\n<li><a href='?page_no=22912'>Last &rsaquo;&rsaquo;<\/a><\/li>\n\n<\/ul>\n\n\n--><br \/>\n<\/body><\/p>\n","protected":false},"excerpt":{"rendered":"<p>1:17 pm, Viena, 15 mar (PL) El actor cubano Ivan Carreira (La edad de la peseta) despunt\u00f3 como artista pl\u00e1stico en una muestra colectiva latinoamericana, reci\u00e9n inaugurada aqu\u00ed en el prestigioso Palais Kabelwerk, seis a\u00f1os despu\u00e9s de su protag\u00f3nico en el filme de su coterr\u00e1neo, el cineasta Pavel Giroud. Con 20 a\u00f1os y una carrera [&hellip;]<\/p>\n","protected":false},"author":3,"featured_media":0,"comment_status":"open","ping_status":"open","sticky":false,"template":"","format":"standard","meta":{"footnotes":""},"categories":[21],"tags":[],"class_list":["post-66086","post","type-post","status-publish","format-standard","hentry","category-cultura"],"_links":{"self":[{"href":"https:\/\/diariodominicano.com\/index.php?rest_route=\/wp\/v2\/posts\/66086","targetHints":{"allow":["GET"]}}],"collection":[{"href":"https:\/\/diariodominicano.com\/index.php?rest_route=\/wp\/v2\/posts"}],"about":[{"href":"https:\/\/diariodominicano.com\/index.php?rest_route=\/wp\/v2\/types\/post"}],"author":[{"embeddable":true,"href":"https:\/\/diariodominicano.com\/index.php?rest_route=\/wp\/v2\/users\/3"}],"replies":[{"embeddable":true,"href":"https:\/\/diariodominicano.com\/index.php?rest_route=%2Fwp%2Fv2%2Fcomments&post=66086"}],"version-history":[{"count":0,"href":"https:\/\/diariodominicano.com\/index.php?rest_route=\/wp\/v2\/posts\/66086\/revisions"}],"wp:attachment":[{"href":"https:\/\/diariodominicano.com\/index.php?rest_route=%2Fwp%2Fv2%2Fmedia&parent=66086"}],"wp:term":[{"taxonomy":"category","embeddable":true,"href":"https:\/\/diariodominicano.com\/index.php?rest_route=%2Fwp%2Fv2%2Fcategories&post=66086"},{"taxonomy":"post_tag","embeddable":true,"href":"https:\/\/diariodominicano.com\/index.php?rest_route=%2Fwp%2Fv2%2Ftags&post=66086"}],"curies":[{"name":"wp","href":"https:\/\/api.w.org\/{rel}","templated":true}]}}