{"id":66084,"date":"2012-03-15T20:15:19","date_gmt":"2012-03-15T20:15:19","guid":{"rendered":"http:\/\/diariodominicano.ddns.net\/?p=66084"},"modified":"2012-03-15T20:15:19","modified_gmt":"2012-03-15T20:15:19","slug":"asiste-la-reina-sofia-a-homenaje-a-alicia-alonso-en-espana","status":"publish","type":"post","link":"https:\/\/diariodominicano.com\/?p=66084","title":{"rendered":"Asiste la reina Sof\u00eda a homenaje a Alicia Alonso en Espa\u00f1a\t \t \t &#13;"},"content":{"rendered":"<p><body><\/p>\n<p><img decoding=\"async\" src=\"img3\/abrazo.jpg\" \/>  <\/p>\n<p><span class=\"text1noticias\">Madrid, 15 mar 04: 17 P.M. (PL) Bailarines de Espa\u00f1a y Cuba rindieron tributo aqu\u00ed a la prima ballerina assoluta Alicia Alonso, en una gala en el Teatro de la Zarzuela, a la que asisti\u00f3 la reina Sof\u00eda.<\/span><\/p>\n<\/p>\n<p><span class=\"text1noticias\">La directora del Ballet Nacional de Cuba, una de las leyendas de la danza, fue ovacionada largamente durante el homenaje encabezado por 24 artistas de la compa\u00f1\u00eda que dirige, secundados por solistas y cuerpo de baile del Ballet madrile\u00f1o de C\u00e1mara.<\/span><\/p>\n<\/p>\n<p><span class=\"text1noticias\">Alonso goza de gran prestigio aqu\u00ed, m\u00e1s all\u00e1 de sus excepcionales aportes art\u00edsticos, como fundadora, en 1999, de la C\u00e1tedra de Danza, actual Instituto Alicia Alonso de la Universidad Rey Juan Carlos, donde se han formado varias generaciones de bailarines espa\u00f1oles y de la Comunidad Europea.<\/span><\/p>\n<\/p>\n<p><span class=\"text1noticias\">Fue la primera instituci\u00f3n que inici\u00f3 en este pa\u00eds la ense\u00f1anza del ballet en el nivel universitario. M\u00e1s de 240 alumnos participaron en la ceremonia.<\/span><\/p>\n<\/p>\n<p><span class=\"text1noticias\">Extendido durante m\u00e1s de dos horas, el programa incluy\u00f3 piezas cl\u00e1sicas y contempor\u00e1neas interpretadas por primera figuras cubanas como Anette Delgado y Dani Hern\u00e1ndez, quienes se lucieron en el pas de deux del III acto de Don Quijote.<\/span><\/p>\n<\/p>\n<p><span class=\"text1noticias\">Tambi\u00e9n hubo aplausos para Sadaise Arencibia y Ari\u00e1n Molina por su ejecuci\u00f3n del adagio de El lago de los cisnes, mientras que Javier Torres fue elogiado por su interpretaci\u00f3n de La muerte del cisne <\/span><\/p>\n<\/p>\n<p><span class=\"text1noticias\">Acompa\u00f1ada por la reina Sofia, Alonso disfrut\u00f3 de la velada, en la que recibi\u00f3 m\u00faltiples muestras de admiraci\u00f3n y respeto.(HG)<\/span>.<\/p>\n<h6> 2012-03-15 20:15:19 <\/h6>\n<p><!--\n<link rel=\"stylesheet\" href=\"css\/bootstrap.min.css\">\n\n\n<ul class=\"pagination\">\n\t    \n\t\n\n<li >\n\t<a href='?page_no=17761'>Previous<\/a>\n\t<\/li>\n\n\n       \n    \n\n<li><a href='?page_no=1'>1<\/a><\/li>\n\n\n\n<li><a href='?page_no=2'>2<\/a><\/li>\n\n\n\n<li><a>...<\/a><\/li>\n\n\n\n<li><a href='?page_no=17760'>17760<\/a><\/li>\n\n\n\n<li><a href='?page_no=17761'>17761<\/a><\/li>\n\n\n\n<li class='active'><a>17762<\/a><\/li>\n\n\n\n<li><a href='?page_no=17763'>17763<\/a><\/li>\n\n\n\n<li><a href='?page_no=17764'>17764<\/a><\/li>\n\n\n\n<li><a>...<\/a><\/li>\n\n\n\n<li><a href='?page_no=22911'>22911<\/a><\/li>\n\n\n\n<li><a href='?page_no=22912'>22912<\/a><\/li>\n\n    \n\t\n\n<li >\n\t<a href='?page_no=17763'>Next<\/a>\n\t<\/li>\n\n\n    \n\n<li><a href='?page_no=22912'>Last &rsaquo;&rsaquo;<\/a><\/li>\n\n<\/ul>\n\n\n--><br \/>\n<\/body><\/p>\n","protected":false},"excerpt":{"rendered":"<p>Madrid, 15 mar 04: 17 P.M. (PL) Bailarines de Espa\u00f1a y Cuba rindieron tributo aqu\u00ed a la prima ballerina assoluta Alicia Alonso, en una gala en el Teatro de la Zarzuela, a la que asisti\u00f3 la reina Sof\u00eda. La directora del Ballet Nacional de Cuba, una de las leyendas de la danza, fue ovacionada largamente [&hellip;]<\/p>\n","protected":false},"author":3,"featured_media":0,"comment_status":"open","ping_status":"open","sticky":false,"template":"","format":"standard","meta":{"footnotes":""},"categories":[21],"tags":[],"class_list":["post-66084","post","type-post","status-publish","format-standard","hentry","category-cultura"],"_links":{"self":[{"href":"https:\/\/diariodominicano.com\/index.php?rest_route=\/wp\/v2\/posts\/66084","targetHints":{"allow":["GET"]}}],"collection":[{"href":"https:\/\/diariodominicano.com\/index.php?rest_route=\/wp\/v2\/posts"}],"about":[{"href":"https:\/\/diariodominicano.com\/index.php?rest_route=\/wp\/v2\/types\/post"}],"author":[{"embeddable":true,"href":"https:\/\/diariodominicano.com\/index.php?rest_route=\/wp\/v2\/users\/3"}],"replies":[{"embeddable":true,"href":"https:\/\/diariodominicano.com\/index.php?rest_route=%2Fwp%2Fv2%2Fcomments&post=66084"}],"version-history":[{"count":0,"href":"https:\/\/diariodominicano.com\/index.php?rest_route=\/wp\/v2\/posts\/66084\/revisions"}],"wp:attachment":[{"href":"https:\/\/diariodominicano.com\/index.php?rest_route=%2Fwp%2Fv2%2Fmedia&parent=66084"}],"wp:term":[{"taxonomy":"category","embeddable":true,"href":"https:\/\/diariodominicano.com\/index.php?rest_route=%2Fwp%2Fv2%2Fcategories&post=66084"},{"taxonomy":"post_tag","embeddable":true,"href":"https:\/\/diariodominicano.com\/index.php?rest_route=%2Fwp%2Fv2%2Ftags&post=66084"}],"curies":[{"name":"wp","href":"https:\/\/api.w.org\/{rel}","templated":true}]}}