{"id":66082,"date":"2012-03-15T21:34:40","date_gmt":"2012-03-15T21:34:40","guid":{"rendered":"http:\/\/diariodominicano.ddns.net\/?p=66082"},"modified":"2012-03-15T21:34:40","modified_gmt":"2012-03-15T21:34:40","slug":"feria-del-libro-santo-domingo-2012-dedicada-a-centroamerica","status":"publish","type":"post","link":"https:\/\/diariodominicano.com\/?p=66082","title":{"rendered":"Feria del Libro Santo Domingo 2012 dedicada a Centroam\u00e9rica"},"content":{"rendered":"<p><body><\/p>\n<p><img decoding=\"async\" src=\"img3\/ferialibro.jpg\" \/>  <\/p>\n<p><span class=\"text1noticias\">Santo Domingo, 15 mar 05:38 P.M. (PL) La Feria Internacional del Libro Santo Domingo 2012 se realizar\u00e1 del 18 de abril al 6 de mayo con Centroam\u00e9rica como invitada de honor, informaron hoy sus organizadores.<\/span><\/p>\n<\/p>\n<p><span class=\"text1noticias\">  El evento cultural m\u00e1s importante y masivo de Rep\u00fablica Dominicana acoger\u00e1 este a\u00f1o a escritores, editores y artistas de Belice, Costa Rica, El Salvador, Honduras, Guatemala, Nicaragua y Panam\u00e1 y tendr\u00e1 como recinto expositivo su tradicional sede de la Plaza de la Cultura Juan Pablo Duarte, en el centro de esta capital.<\/span><\/p>\n<\/p>\n<p><span class=\"text1noticias\">Los organizadores de la Feria del Libro record\u00f3 que las inscripciones para los expositores estar\u00e1n abiertas hasta el 16 de marzo.<\/span><\/p>\n<\/p>\n<p><span class=\"text1noticias\">La muestra tiene en su programaci\u00f3n un ciclo pre-inaugural, con conferencias, presentaciones y venta de libros a bajo precio.<\/span><\/p>\n<\/p>\n<p><span class=\"text1noticias\">Tambi\u00e9n se anuncian ciclos de cine, ser\u00e1n honrados los escritores dominicanos Enriquillo S\u00e1nchez, fallecido en 2004, H\u00e9ctor Inch\u00e1ustegui y la actriz Mar\u00eda Montez, junto al poeta y pintor espa\u00f1ol Eugenio Fern\u00e1ndez Granell, revel\u00f3 en un comunicado Alejandro Arvelo, director general del evento.<\/span><\/p>\n<\/p>\n<p><span class=\"text1noticias\">Se han convocado varios concursos, encabezados por el Premio Nacional Eduardo Le\u00f3n Jim\u00e9nes.<\/span><\/p>\n<\/p>\n<p><span class=\"text1noticias\">S\u00e1nchez form\u00f3 parte del equipo fundador del evento; fue ganador del Premio Nacional de Poes\u00eda Salom\u00e9 Ure\u00f1a y del Premio Latinoamericano de Poes\u00eda Rub\u00e9n Dar\u00edo, adem\u00e1s de un extraordinario intelectual, escritor laureado y figura referencial de las letras contempor\u00e1neas del pa\u00eds, destac\u00f3 Arvelo.<\/span><\/p>\n<\/p>\n<p><span class=\"text1noticias\">La Feria tambi\u00e9n conmemorar\u00e1 el centenario del nacimiento del escritor dominicano H\u00e9ctor Inch\u00e1ustegui Cabral (1912-1979) y de la actriz Mar\u00eda Montez &#8211; llamada La Reina del Tecnicolor (1912-1951)- quien ascendi\u00f3 a la gloria de Hollywood en la d\u00e9cada de los \u00e2?\u00d640; esa celebraci\u00f3n se conectar\u00e1 a las actividades organizadas por el Gobierno para conmemorar el nacimiento de la actriz, oriunda de la provincia Barahona.(HG)<\/span>.<\/p>\n<h6> 2012-03-15 21:34:40 <\/h6>\n<p><!--\n<link rel=\"stylesheet\" href=\"css\/bootstrap.min.css\">\n\n\n<ul class=\"pagination\">\n\t    \n\t\n\n<li >\n\t<a href='?page_no=17759'>Previous<\/a>\n\t<\/li>\n\n\n       \n    \n\n<li><a href='?page_no=1'>1<\/a><\/li>\n\n\n\n<li><a href='?page_no=2'>2<\/a><\/li>\n\n\n\n<li><a>...<\/a><\/li>\n\n\n\n<li><a href='?page_no=17758'>17758<\/a><\/li>\n\n\n\n<li><a href='?page_no=17759'>17759<\/a><\/li>\n\n\n\n<li class='active'><a>17760<\/a><\/li>\n\n\n\n<li><a href='?page_no=17761'>17761<\/a><\/li>\n\n\n\n<li><a href='?page_no=17762'>17762<\/a><\/li>\n\n\n\n<li><a>...<\/a><\/li>\n\n\n\n<li><a href='?page_no=22911'>22911<\/a><\/li>\n\n\n\n<li><a href='?page_no=22912'>22912<\/a><\/li>\n\n    \n\t\n\n<li >\n\t<a href='?page_no=17761'>Next<\/a>\n\t<\/li>\n\n\n    \n\n<li><a href='?page_no=22912'>Last &rsaquo;&rsaquo;<\/a><\/li>\n\n<\/ul>\n\n\n--><br \/>\n<\/body><\/p>\n","protected":false},"excerpt":{"rendered":"<p>Santo Domingo, 15 mar 05:38 P.M. (PL) La Feria Internacional del Libro Santo Domingo 2012 se realizar\u00e1 del 18 de abril al 6 de mayo con Centroam\u00e9rica como invitada de honor, informaron hoy sus organizadores. El evento cultural m\u00e1s importante y masivo de Rep\u00fablica Dominicana acoger\u00e1 este a\u00f1o a escritores, editores y artistas de Belice, [&hellip;]<\/p>\n","protected":false},"author":3,"featured_media":0,"comment_status":"open","ping_status":"open","sticky":false,"template":"","format":"standard","meta":{"footnotes":""},"categories":[21],"tags":[],"class_list":["post-66082","post","type-post","status-publish","format-standard","hentry","category-cultura"],"_links":{"self":[{"href":"https:\/\/diariodominicano.com\/index.php?rest_route=\/wp\/v2\/posts\/66082","targetHints":{"allow":["GET"]}}],"collection":[{"href":"https:\/\/diariodominicano.com\/index.php?rest_route=\/wp\/v2\/posts"}],"about":[{"href":"https:\/\/diariodominicano.com\/index.php?rest_route=\/wp\/v2\/types\/post"}],"author":[{"embeddable":true,"href":"https:\/\/diariodominicano.com\/index.php?rest_route=\/wp\/v2\/users\/3"}],"replies":[{"embeddable":true,"href":"https:\/\/diariodominicano.com\/index.php?rest_route=%2Fwp%2Fv2%2Fcomments&post=66082"}],"version-history":[{"count":0,"href":"https:\/\/diariodominicano.com\/index.php?rest_route=\/wp\/v2\/posts\/66082\/revisions"}],"wp:attachment":[{"href":"https:\/\/diariodominicano.com\/index.php?rest_route=%2Fwp%2Fv2%2Fmedia&parent=66082"}],"wp:term":[{"taxonomy":"category","embeddable":true,"href":"https:\/\/diariodominicano.com\/index.php?rest_route=%2Fwp%2Fv2%2Fcategories&post=66082"},{"taxonomy":"post_tag","embeddable":true,"href":"https:\/\/diariodominicano.com\/index.php?rest_route=%2Fwp%2Fv2%2Ftags&post=66082"}],"curies":[{"name":"wp","href":"https:\/\/api.w.org\/{rel}","templated":true}]}}