{"id":66081,"date":"2012-03-15T22:03:18","date_gmt":"2012-03-15T22:03:18","guid":{"rendered":"http:\/\/diariodominicano.ddns.net\/?p=66081"},"modified":"2012-03-15T22:03:18","modified_gmt":"2012-03-15T22:03:18","slug":"escuela-federico-garcia-godoy-desarrolla-programa-de-convivencias-con-sus-estudiantes","status":"publish","type":"post","link":"https:\/\/diariodominicano.com\/?p=66081","title":{"rendered":"Escuela Federico Garc\u00eda Godoy desarrolla programa de convivencias  con sus estudiantes"},"content":{"rendered":"<p><body><\/p>\n<p><img decoding=\"async\" src=\"http:\/\/localhost:8080\/img3\/ESTUDIANTES.JPG\" \/>  <\/p>\n<p><span class=\"text1noticias\">Por Luis Federico Santana J.- (tiglaspileser22@hotmail.com)<\/span><\/p>\n<\/p>\n<p><span class=\"text1noticias\">LA VEGA, RD, 15 de Marzo 06: 05 P.M.- Estudiantes de s\u00e9ptimo y octavo grado del Centro Educativo Federico Garc\u00eda Godoy, en esta ciudad  participaron de un retiro ? convivencia sobre el tema: Joven, Jes\u00fas te llama.<\/span><\/p>\n<\/p>\n<p><span class=\"text1noticias\">La actividad reflexiva se llev\u00f3 a cabo en el sal\u00f3n de reuniones del centro educativo, en horario de 8:30 a 11:30 de la ma\u00f1ana, con la conducci\u00f3n del profesor Luis Federico Santana, t\u00e9cnico de Formaci\u00f3n Integral Humana y Religiosa del Distrito Educativo 06 ? 04.<\/span><\/p>\n<\/p>\n<p><span class=\"text1noticias\">El programa de actividades incluy\u00f3 ponencias breves sobre el pecado, la conversi\u00f3n, el perd\u00f3n de Dios y el sacrificio; aspectos propios de este per\u00edodo de cuaresma, momentos en que la Iglesia se prepara para conmemorar la pasi\u00f3n, muerte y resurrecci\u00f3n de Jesucristo.<\/span><\/p>\n<\/p>\n<p><span class=\"text1noticias\">El m\u00e9todo usado con los estudiantes fue diverso y din\u00e1mico. Adem\u00e1s de las ponencias breves los estudiantes escucharon relatos radiof\u00f3nicos, historias en vistas fijas de Power Point, trabajos en grupos y din\u00e1micas de preguntas y respuestas.<\/span><\/p>\n<\/p>\n<p><span class=\"text1noticias\">El retiro ? convivencia realizado  forma parte de un programa de actividades reflexivas organizadas por el centro educativo, con motivo del tiempo de cuaresma que vive la iglesia, presente en los centros educativos a trav\u00e9s del \u00e1rea de Formaci\u00f3n Integral Humana y Religiosa.(HG)<\/span>.<\/p>\n<\/p>\n<h6> 2012-03-15 22:03:18 <\/h6>\n<p><!--\n<link rel=\"stylesheet\" href=\"css\/bootstrap.min.css\">\n\n\n<ul class=\"pagination\">\n\t    \n\t\n\n<li >\n\t<a href='?page_no=17758'>Previous<\/a>\n\t<\/li>\n\n\n       \n    \n\n<li><a href='?page_no=1'>1<\/a><\/li>\n\n\n\n<li><a href='?page_no=2'>2<\/a><\/li>\n\n\n\n<li><a>...<\/a><\/li>\n\n\n\n<li><a href='?page_no=17757'>17757<\/a><\/li>\n\n\n\n<li><a href='?page_no=17758'>17758<\/a><\/li>\n\n\n\n<li class='active'><a>17759<\/a><\/li>\n\n\n\n<li><a href='?page_no=17760'>17760<\/a><\/li>\n\n\n\n<li><a href='?page_no=17761'>17761<\/a><\/li>\n\n\n\n<li><a>...<\/a><\/li>\n\n\n\n<li><a href='?page_no=22911'>22911<\/a><\/li>\n\n\n\n<li><a href='?page_no=22912'>22912<\/a><\/li>\n\n    \n\t\n\n<li >\n\t<a href='?page_no=17760'>Next<\/a>\n\t<\/li>\n\n\n    \n\n<li><a href='?page_no=22912'>Last &rsaquo;&rsaquo;<\/a><\/li>\n\n<\/ul>\n\n\n--><br \/>\n<\/body><\/p>\n","protected":false},"excerpt":{"rendered":"<p>Por Luis Federico Santana J.- (tiglaspileser22@hotmail.com) LA VEGA, RD, 15 de Marzo 06: 05 P.M.- Estudiantes de s\u00e9ptimo y octavo grado del Centro Educativo Federico Garc\u00eda Godoy, en esta ciudad participaron de un retiro ? convivencia sobre el tema: Joven, Jes\u00fas te llama. La actividad reflexiva se llev\u00f3 a cabo en el sal\u00f3n de reuniones [&hellip;]<\/p>\n","protected":false},"author":3,"featured_media":0,"comment_status":"open","ping_status":"open","sticky":false,"template":"","format":"standard","meta":{"footnotes":""},"categories":[21],"tags":[],"class_list":["post-66081","post","type-post","status-publish","format-standard","hentry","category-cultura"],"_links":{"self":[{"href":"https:\/\/diariodominicano.com\/index.php?rest_route=\/wp\/v2\/posts\/66081","targetHints":{"allow":["GET"]}}],"collection":[{"href":"https:\/\/diariodominicano.com\/index.php?rest_route=\/wp\/v2\/posts"}],"about":[{"href":"https:\/\/diariodominicano.com\/index.php?rest_route=\/wp\/v2\/types\/post"}],"author":[{"embeddable":true,"href":"https:\/\/diariodominicano.com\/index.php?rest_route=\/wp\/v2\/users\/3"}],"replies":[{"embeddable":true,"href":"https:\/\/diariodominicano.com\/index.php?rest_route=%2Fwp%2Fv2%2Fcomments&post=66081"}],"version-history":[{"count":0,"href":"https:\/\/diariodominicano.com\/index.php?rest_route=\/wp\/v2\/posts\/66081\/revisions"}],"wp:attachment":[{"href":"https:\/\/diariodominicano.com\/index.php?rest_route=%2Fwp%2Fv2%2Fmedia&parent=66081"}],"wp:term":[{"taxonomy":"category","embeddable":true,"href":"https:\/\/diariodominicano.com\/index.php?rest_route=%2Fwp%2Fv2%2Fcategories&post=66081"},{"taxonomy":"post_tag","embeddable":true,"href":"https:\/\/diariodominicano.com\/index.php?rest_route=%2Fwp%2Fv2%2Ftags&post=66081"}],"curies":[{"name":"wp","href":"https:\/\/api.w.org\/{rel}","templated":true}]}}