{"id":66080,"date":"2012-03-16T14:13:22","date_gmt":"2012-03-16T14:13:22","guid":{"rendered":"http:\/\/diariodominicano.ddns.net\/?p=66080"},"modified":"2012-03-16T14:13:22","modified_gmt":"2012-03-16T14:13:22","slug":"uasd-otorga-titulo-profesor-honorario-a-cineasta-espanol-benito-zambrano","status":"publish","type":"post","link":"https:\/\/diariodominicano.com\/?p=66080","title":{"rendered":"UASD otorga t\u00edtulo \u00abProfesor Honorario\u00bb a cineasta espa\u00f1ol Benito Zambrano"},"content":{"rendered":"<p><body><\/p>\n<p><img decoding=\"async\" src=\"img3\/ENTREGA TITULO cineasta UASD.JPG\" \/>  <\/p>\n<p><span class=\"text1noticias\">10:05 am, Santo Domingo, RD, 16 marzo.- \u00abLa Universidad Aut\u00f3noma de Santo Domingo (UASD) distingue con este homenaje al cineasta Benito Zambrano, una persona que ha ejercido su oficio con altas habilidades, sabidur\u00eda y buen juicio, una figura sobresaliente del s\u00e9ptimo arte, a quien el \u00e9xito le ha sonre\u00eddo generosamente, por la impronta personal con que sella su actividad\u00bb.<\/span><\/p>\n<\/p>\n<p><span class=\"text1noticias\">Con estas palabras, la vicerrectora Administrativa, maestra Emma Polanco, en representaci\u00f3n del Rector, maestro Mateo Aquino Febrillet, resalt\u00f3 el regocijo de nuestra Academia al otorgar el t\u00edtulo de<\/span><\/p>\n<p><span class=\"text1noticias\">\u00abProfesor Honorario\u00bb de la Escuela de Cine de la facultad de Artes al cineasta espa\u00f1ol de fama internacional por su innovadora y consistente producci\u00f3n cinematogr\u00e1fica.<\/span><\/p>\n<\/p>\n<p><span class=\"text1noticias\">Polanco dijo que para otorgar la distinci\u00f3n, la UASD tom\u00f3 en consideraci\u00f3n las grandes dotes de este artista universal, \u00abcomo se evidencia en todas las obras en que ha intervenido protag\u00f3nicamente,<\/span><\/p>\n<p><span class=\"text1noticias\">entre ellas \u00abHabana Blues\u00bb.<\/span><\/p>\n<\/p>\n<p><span class=\"text1noticias\">Mientras, al recibir el t\u00edtulo que lo acredita como \u00abProfesor Honorario\u00bb de la Universidad m\u00e1s vieja del nuevo mundo,  Benito Zambrano agradeci\u00f3 la distinci\u00f3n a las autoridades universitarias y destac\u00f3 que lo m\u00e1s importante es tener algo que contar y transmitir, que merezca la pena el esfuerzo de contarla.<\/span><\/p>\n<\/p>\n<p><span class=\"text1noticias\">\u00abEntonces yo los animo, a los que vayan a contar historias, que cuenten la historia de vuestro pa\u00eds, de vuestra tierra, decir la verdad de nuestro momento, nuestro tiempo, antes de que la cuenten<\/span><\/p>\n<p><span class=\"text1noticias\">otros\u00bb, dijo.<\/span><\/p>\n<\/p>\n<p><span class=\"text1noticias\">De su lado, la decana de la facultad de Artes, Mar\u00eda del Pilar Domingo, dijo que nuestra Alma M\u00e1ter se regocija al recibir al cineasta como Profesor Honorio de la Escuela de Cine, Televisi\u00f3n y Fotograf\u00eda de la UASD.<\/span><\/p>\n<\/p>\n<p><span class=\"text1noticias\">La actividad se llev\u00f3 a cabo en el Museo de la academia y estuvo encabezada adem\u00e1s por los dem\u00e1s miembros del Consejo Universitario.<\/span><\/p>\n<\/p>\n<p><span class=\"text1noticias\">La distinci\u00f3n al destacado director de la pel\u00edcula \u00abSolas\u00bb, fue propuesta por la escuela de Cine, de la facultad de Artes y aprobada por el principal organismo de ejecuci\u00f3n uasdiana, mediante la resoluci\u00f3n 061, del pasado d\u00eda 5 del presente mes.<\/span><\/p>\n<\/p>\n<p><span class=\"text1noticias\">Zambrano naci\u00f3 en Lebrija, Sevilla, el 20 de marzo de 1965, estudi\u00f3 Arte Dram\u00e1tico en el Instituto de Teatro de la Diputaci\u00f3n de Sevilla y otros cursos de formaci\u00f3n cinematogr\u00e1fica, especializ\u00e1ndose en Gui\u00f3n y Direcci\u00f3n en la Escuela Internacional de Cine y TV, de San Antonio de los Ba\u00f1os, en La Habana, Cuba.<\/span><\/p>\n<\/p>\n<p><span class=\"text1noticias\">Su primer mediometraje titulado \u00abEl encanto de la luna llena\u00bb ha sido galardonado en numerosos festivales internacionales, como el de Friburgo (Suiza), en 1995, Huesca (Espa\u00f1a) en ese mismo a\u00f1o y  Latina II Museum of Contemporary Art, Australia.<\/span><\/p>\n<\/p>\n<p><span class=\"text1noticias\">Su pel\u00edcula \u00abSolas\u00bb obtuvo cinco premios Goya, como: Mejor direcci\u00f3n novel, Mejor interpretaci\u00f3n femenina de reparto, Mejor actor revelaci\u00f3n, Mejor actriz revelaci\u00f3n y Mejor gui\u00f3n original.<\/span><\/p>\n<\/p>\n<p><span class=\"text1noticias\">Asimismo, la Academia de las Artes y las Ciencias Cinematogr\u00e1ficas de Espa\u00f1a consideraron el d\u00eda 10 de enero del 2012, a su largometraje \u00abLa voz dormida\u00bb, para ser nominado en los Premios Oscar, como mejor<\/span><\/p>\n<p><span class=\"text1noticias\">pel\u00edcula.<\/span><\/p>\n<\/p>\n<p><span class=\"text1noticias\">Su filmograf\u00eda est\u00e1 compuesta por: Cortometrajes La Ultima Humillaci\u00f3n <\/span><\/p>\n<p><span class=\"text1noticias\">-1987-, \u00bfQui\u00e9n soy yo?  -1988-, Un ni\u00f1o mal nacido <\/span><\/p>\n<p><span class=\"text1noticias\">-1989-, Melli -1990-); (Mediometrajes y largometrajes: \u00bfPara qu\u00e9 sirve un r\u00edo?<\/span><\/p>\n<p><span class=\"text1noticias\">-1991-, Los que se quedaron -1993-, El encanto de la luna llena<\/span><\/p>\n<p><span class=\"text1noticias\">-1995-, Solas -1998-, Padre Coraje -2002-, Habana Blues -2005- y La<\/span><\/p>\n<p><span class=\"text1noticias\">voz dormida -2011-)<\/span>.<\/p>\n<h6> 2012-03-16 14:13:22 <\/h6>\n<p><!--\n<link rel=\"stylesheet\" href=\"css\/bootstrap.min.css\">\n\n\n<ul class=\"pagination\">\n\t    \n\t\n\n<li >\n\t<a href='?page_no=17757'>Previous<\/a>\n\t<\/li>\n\n\n       \n    \n\n<li><a href='?page_no=1'>1<\/a><\/li>\n\n\n\n<li><a href='?page_no=2'>2<\/a><\/li>\n\n\n\n<li><a>...<\/a><\/li>\n\n\n\n<li><a href='?page_no=17756'>17756<\/a><\/li>\n\n\n\n<li><a href='?page_no=17757'>17757<\/a><\/li>\n\n\n\n<li class='active'><a>17758<\/a><\/li>\n\n\n\n<li><a href='?page_no=17759'>17759<\/a><\/li>\n\n\n\n<li><a href='?page_no=17760'>17760<\/a><\/li>\n\n\n\n<li><a>...<\/a><\/li>\n\n\n\n<li><a href='?page_no=22911'>22911<\/a><\/li>\n\n\n\n<li><a href='?page_no=22912'>22912<\/a><\/li>\n\n    \n\t\n\n<li >\n\t<a href='?page_no=17759'>Next<\/a>\n\t<\/li>\n\n\n    \n\n<li><a href='?page_no=22912'>Last &rsaquo;&rsaquo;<\/a><\/li>\n\n<\/ul>\n\n\n--><br \/>\n<\/body><\/p>\n","protected":false},"excerpt":{"rendered":"<p>10:05 am, Santo Domingo, RD, 16 marzo.- \u00abLa Universidad Aut\u00f3noma de Santo Domingo (UASD) distingue con este homenaje al cineasta Benito Zambrano, una persona que ha ejercido su oficio con altas habilidades, sabidur\u00eda y buen juicio, una figura sobresaliente del s\u00e9ptimo arte, a quien el \u00e9xito le ha sonre\u00eddo generosamente, por la impronta personal con [&hellip;]<\/p>\n","protected":false},"author":3,"featured_media":0,"comment_status":"open","ping_status":"open","sticky":false,"template":"","format":"standard","meta":{"footnotes":""},"categories":[21],"tags":[],"class_list":["post-66080","post","type-post","status-publish","format-standard","hentry","category-cultura"],"_links":{"self":[{"href":"https:\/\/diariodominicano.com\/index.php?rest_route=\/wp\/v2\/posts\/66080","targetHints":{"allow":["GET"]}}],"collection":[{"href":"https:\/\/diariodominicano.com\/index.php?rest_route=\/wp\/v2\/posts"}],"about":[{"href":"https:\/\/diariodominicano.com\/index.php?rest_route=\/wp\/v2\/types\/post"}],"author":[{"embeddable":true,"href":"https:\/\/diariodominicano.com\/index.php?rest_route=\/wp\/v2\/users\/3"}],"replies":[{"embeddable":true,"href":"https:\/\/diariodominicano.com\/index.php?rest_route=%2Fwp%2Fv2%2Fcomments&post=66080"}],"version-history":[{"count":0,"href":"https:\/\/diariodominicano.com\/index.php?rest_route=\/wp\/v2\/posts\/66080\/revisions"}],"wp:attachment":[{"href":"https:\/\/diariodominicano.com\/index.php?rest_route=%2Fwp%2Fv2%2Fmedia&parent=66080"}],"wp:term":[{"taxonomy":"category","embeddable":true,"href":"https:\/\/diariodominicano.com\/index.php?rest_route=%2Fwp%2Fv2%2Fcategories&post=66080"},{"taxonomy":"post_tag","embeddable":true,"href":"https:\/\/diariodominicano.com\/index.php?rest_route=%2Fwp%2Fv2%2Ftags&post=66080"}],"curies":[{"name":"wp","href":"https:\/\/api.w.org\/{rel}","templated":true}]}}