{"id":660785,"date":"2026-01-17T20:46:44","date_gmt":"2026-01-18T00:46:44","guid":{"rendered":"https:\/\/diariodominicano.com\/?p=660785"},"modified":"2026-01-18T01:38:10","modified_gmt":"2026-01-18T05:38:10","slug":"santiago-de-cuba-acogio-a-sus-heroes-desde-el-corazon","status":"publish","type":"post","link":"https:\/\/diariodominicano.com\/?p=660785","title":{"rendered":"Santiago de Cuba acogi\u00f3 a sus h\u00e9roes desde el coraz\u00f3n"},"content":{"rendered":"\n<ul class=\"wp-block-list\">\n<li>enero 16, 2026<\/li>\n\n\n\n<li>CST13:59 GMT -05;00<\/li>\n<\/ul>\n\n\n\n<p>Santiago de Cuba, 16 ene (Prensa Latina) La ma\u00f1ana de hoy dej\u00f3 huellas en la Ciudad Hero\u00edna de Santiago de Cuba, cuando miles de sus hijos rindieron homenaje a los hermanos que \u201ccayeron lejos de su hogar, pero no de su deber\u201d <\/p>\n\n\n\n<ul class=\"wp-block-list\">\n<li><\/li>\n<\/ul>\n\n\n\n<p>Hasta la Plaza de la Revoluci\u00f3n Mayor General Antonio Maceo Grajales, acudieron civiles y militares, j\u00f3venes, ancianos, trabajadores y estudiantes como prueba inequ\u00edvoca de que los convoc\u00f3 la voluntad propia y el agradecimiento eterno a sus h\u00e9roes ca\u00eddos en la Rep\u00fablica Bolivariana de Venezuela ante la agresi\u00f3n yanqui.<\/p>\n\n\n\n<figure class=\"wp-block-image\"><img decoding=\"async\" src=\"https:\/\/www.prensa-latina.cu\/wp-content\/uploads\/2026\/01\/Homenaje-Santiago-1.jpg\" alt=\"\" class=\"wp-image-1694579\"\/><\/figure>\n\n\n\n<p>Las palabras de la Miembro del Comit\u00e9 Central del Partido Comunista de Cuba y Primera Secretaria en esta provincia, Beatriz Johnson, patentizaron el respaldo de la naci\u00f3n y la tierra ind\u00f3mita a los familiares de los h\u00e9roes, y el compromiso con la memoria de los muertos.<\/p>\n\n\n\n<p>Luego l\u00e1grimas y manos de padres, hijos y esposas sobre las urnas cubiertas con la bandera nacional, custodiadas por la guardia de honor, ocho familias fracturadas, sue\u00f1os truncos y como aliciente, el honor y la gloria que legaron sus seres queridos.<\/p>\n\n\n\n<figure class=\"wp-block-image\"><img decoding=\"async\" src=\"https:\/\/www.prensa-latina.cu\/wp-content\/uploads\/2026\/01\/Homenaje-Santiago-4.jpg\" alt=\"\" class=\"wp-image-1694578\"\/><\/figure>\n\n\n\n<p>Enviaron ofrendas florales el L\u00edder al Frente de la Revoluci\u00f3n Cubana, general de ej\u00e9rcito Ra\u00fal Castro, el Presidente de la Rep\u00fablica, Miguel D\u00edaz-Canel, y del Ministerio del Interior, las Fuerzas Armadas Revolucionarias, los familiares y el Pueblo de Cuba.<\/p>\n\n\n\n<p>Posteriormente desfil\u00f3 el pueblo frente a sus h\u00e9roes, cada cual rindi\u00f3 tributo como le inspir\u00f3 la ocasi\u00f3n: con la marcialidad del saludo militar, la mano en el lado izquierdo del pecho, agitando una bandera cubana o venezolana.<\/p>\n\n\n\n<figure class=\"wp-block-image\"><img decoding=\"async\" src=\"https:\/\/www.prensa-latina.cu\/wp-content\/uploads\/2026\/01\/Homenaje-Santiago-6.jpg\" alt=\"\" class=\"wp-image-1694580\"\/><\/figure>\n\n\n\n<p>Una vez m\u00e1s la respuesta de los habitantes de la ciudad hospitalaria, rebelde y heroica dio una lecci\u00f3n a quienes dudan, demostraron que est\u00e1n dispuesto a defender Cuba, con determinaci\u00f3n y hasta las \u00faltimas consecuencias.<\/p>\n\n\n\n<figure class=\"wp-block-image\"><img decoding=\"async\" src=\"https:\/\/www.prensa-latina.cu\/wp-content\/uploads\/2026\/01\/Homenaje-Santiago-5.jpg\" alt=\"\" class=\"wp-image-1694581\"\/><\/figure>\n\n\n\n<figure class=\"wp-block-image\"><img decoding=\"async\" src=\"https:\/\/www.prensa-latina.cu\/wp-content\/uploads\/2026\/01\/Homenaje-Santiago-3.jpg\" alt=\"\" class=\"wp-image-1694582\"\/><\/figure>\n\n\n\n<p>ro\/yvg<\/p>\n\n\n\n<ul class=\"wp-block-list\">\n<li>#<a href=\"https:\/\/www.prensa-latina.cu\/etiqueta\/homenaje\/\">homenaje<\/a>&nbsp;#<a href=\"https:\/\/www.prensa-latina.cu\/etiqueta\/venezuela\/\">Venezuela<\/a><\/li>\n<\/ul>\n","protected":false},"excerpt":{"rendered":"<p>Santiago de Cuba, 16 ene (Prensa Latina) La ma\u00f1ana de hoy dej\u00f3 huellas en la Ciudad Hero\u00edna de Santiago de Cuba, cuando miles de sus hijos rindieron homenaje a los hermanos que \u201ccayeron lejos de su hogar, pero no de su deber\u201d Hasta la Plaza de la Revoluci\u00f3n Mayor General Antonio Maceo Grajales, acudieron civiles [&hellip;]<\/p>\n","protected":false},"author":2,"featured_media":660786,"comment_status":"closed","ping_status":"closed","sticky":false,"template":"","format":"standard","meta":{"footnotes":""},"categories":[26,23],"tags":[3100],"class_list":["post-660785","post","type-post","status-publish","format-standard","has-post-thumbnail","hentry","category-efemerides","category-internacional","tag-cuba"],"_links":{"self":[{"href":"https:\/\/diariodominicano.com\/index.php?rest_route=\/wp\/v2\/posts\/660785","targetHints":{"allow":["GET"]}}],"collection":[{"href":"https:\/\/diariodominicano.com\/index.php?rest_route=\/wp\/v2\/posts"}],"about":[{"href":"https:\/\/diariodominicano.com\/index.php?rest_route=\/wp\/v2\/types\/post"}],"author":[{"embeddable":true,"href":"https:\/\/diariodominicano.com\/index.php?rest_route=\/wp\/v2\/users\/2"}],"replies":[{"embeddable":true,"href":"https:\/\/diariodominicano.com\/index.php?rest_route=%2Fwp%2Fv2%2Fcomments&post=660785"}],"version-history":[{"count":2,"href":"https:\/\/diariodominicano.com\/index.php?rest_route=\/wp\/v2\/posts\/660785\/revisions"}],"predecessor-version":[{"id":660865,"href":"https:\/\/diariodominicano.com\/index.php?rest_route=\/wp\/v2\/posts\/660785\/revisions\/660865"}],"wp:featuredmedia":[{"embeddable":true,"href":"https:\/\/diariodominicano.com\/index.php?rest_route=\/wp\/v2\/media\/660786"}],"wp:attachment":[{"href":"https:\/\/diariodominicano.com\/index.php?rest_route=%2Fwp%2Fv2%2Fmedia&parent=660785"}],"wp:term":[{"taxonomy":"category","embeddable":true,"href":"https:\/\/diariodominicano.com\/index.php?rest_route=%2Fwp%2Fv2%2Fcategories&post=660785"},{"taxonomy":"post_tag","embeddable":true,"href":"https:\/\/diariodominicano.com\/index.php?rest_route=%2Fwp%2Fv2%2Ftags&post=660785"}],"curies":[{"name":"wp","href":"https:\/\/api.w.org\/{rel}","templated":true}]}}