{"id":660760,"date":"2026-01-17T18:19:57","date_gmt":"2026-01-17T22:19:57","guid":{"rendered":"https:\/\/diariodominicano.com\/?p=660760"},"modified":"2026-01-17T18:19:58","modified_gmt":"2026-01-17T22:19:58","slug":"air-france-marca-el-reinicio-de-su-operacion-a-punta-cana-con-presencia-en-el-vuelo-inaugural","status":"publish","type":"post","link":"https:\/\/diariodominicano.com\/?p=660760","title":{"rendered":"Air France marca el reinicio de su operaci\u00f3n a Punta Cana con presencia en el vuelo inaugural"},"content":{"rendered":"\n<p><strong>Punta Cana, 13 de enero&nbsp;\u2013&nbsp;Tras el reinicio de su servicio estacional entre Par\u00eds\u2013Charles de Gaulle y el Aeropuerto de Punta Cana, Air France celebr\u00f3 el regreso de esta ruta con una&nbsp;<\/strong><strong>presencia sencilla y simb\u00f3lica durante la llegada y salida de los vuelos inaugurales.<\/strong><\/p>\n\n\n\n<p><strong>Con motivo de este reinicio, representantes de Air France y del Aeropuerto de Punta Cana estuvieron presentes&nbsp;<\/strong><strong>para dar la bienvenida a los pasajeros provenientes de Par\u00eds y para acompa\u00f1ar la salida del&nbsp;primer vuelo&nbsp;<\/strong><strong>desde Punta Cana hacia la capital francesa, reafirmando la importancia de esta ruta para el posicionamiento internacional del destino.<\/strong><\/p>\n\n\n\n<figure class=\"wp-block-gallery has-nested-images columns-default is-cropped wp-block-gallery-1 is-layout-flex wp-block-gallery-is-layout-flex\">\n<figure class=\"wp-block-image size-large\"><img loading=\"lazy\" decoding=\"async\" width=\"1024\" height=\"683\" data-id=\"660768\" src=\"https:\/\/diariodominicano.com\/wp-content\/uploads\/2026\/01\/Carl-Poirier-Eugenie-Audebert-Giovanni-Rainieri-y-Maristella-Rodriguez-1024x683.jpg\" alt=\"\" class=\"wp-image-660768\" srcset=\"https:\/\/diariodominicano.com\/wp-content\/uploads\/2026\/01\/Carl-Poirier-Eugenie-Audebert-Giovanni-Rainieri-y-Maristella-Rodriguez-1024x683.jpg 1024w, https:\/\/diariodominicano.com\/wp-content\/uploads\/2026\/01\/Carl-Poirier-Eugenie-Audebert-Giovanni-Rainieri-y-Maristella-Rodriguez-300x200.jpg 300w, https:\/\/diariodominicano.com\/wp-content\/uploads\/2026\/01\/Carl-Poirier-Eugenie-Audebert-Giovanni-Rainieri-y-Maristella-Rodriguez-768x512.jpg 768w, https:\/\/diariodominicano.com\/wp-content\/uploads\/2026\/01\/Carl-Poirier-Eugenie-Audebert-Giovanni-Rainieri-y-Maristella-Rodriguez-816x544.jpg 816w, https:\/\/diariodominicano.com\/wp-content\/uploads\/2026\/01\/Carl-Poirier-Eugenie-Audebert-Giovanni-Rainieri-y-Maristella-Rodriguez.jpg 1200w\" sizes=\"auto, (max-width: 1024px) 100vw, 1024px\" \/><figcaption class=\"wp-element-caption\">Carl Poirier, Eug\u00e9nie-Audebert, Giovanni Rainieri y Maristella Rodr\u00edguez <\/figcaption><\/figure>\n<\/figure>\n\n\n\n<p><strong>Este servicio estacional, que opera del 13 de enero al 28 de marzo de 2026, los d\u00edas martes, jueves y s\u00e1bados, vuelve a conectar a Punta Cana con m\u00e1s de 200 destinos en Europa, Asia, \u00c1frica y Medio Oriente a trav\u00e9s del hub de Air France en Par\u00eds-Charles de Gaulle, ofreciendo a los viajeros una conectividad global fluida.<\/strong><\/p>\n\n\n\n<p><strong>\u201cEl regreso de Air France a Punta Cana refleja nuestro compromiso con mantener conexiones s\u00f3lidas y significativas con la Rep\u00fablica Dominicana\u201d, se\u00f1al\u00f3 Maristella Rodr\u00edguez, Country Sales Manager de Air France\u2013KLM para Costa Rica y Rep\u00fablica Dominicana. \u201cEstar presentes en el vuelo inaugural fue una forma de reafirmar nuestro apoyo al destino y de dar la bienvenida nuevamente a nuestros clientes a bordo\u201d.<\/strong><\/p>\n\n\n\n<figure class=\"wp-block-gallery has-nested-images columns-default is-cropped wp-block-gallery-2 is-layout-flex wp-block-gallery-is-layout-flex\">\n<figure class=\"wp-block-image size-large\"><img loading=\"lazy\" decoding=\"async\" width=\"968\" height=\"1024\" data-id=\"660767\" src=\"https:\/\/diariodominicano.com\/wp-content\/uploads\/2026\/01\/Giovanni-Rainieri_Director-de-Operaciones-Airside-del-Aeropuerto-de-Punta-Cana-968x1024.jpg\" alt=\"\" class=\"wp-image-660767\" srcset=\"https:\/\/diariodominicano.com\/wp-content\/uploads\/2026\/01\/Giovanni-Rainieri_Director-de-Operaciones-Airside-del-Aeropuerto-de-Punta-Cana-968x1024.jpg 968w, https:\/\/diariodominicano.com\/wp-content\/uploads\/2026\/01\/Giovanni-Rainieri_Director-de-Operaciones-Airside-del-Aeropuerto-de-Punta-Cana-283x300.jpg 283w, https:\/\/diariodominicano.com\/wp-content\/uploads\/2026\/01\/Giovanni-Rainieri_Director-de-Operaciones-Airside-del-Aeropuerto-de-Punta-Cana-768x813.jpg 768w, https:\/\/diariodominicano.com\/wp-content\/uploads\/2026\/01\/Giovanni-Rainieri_Director-de-Operaciones-Airside-del-Aeropuerto-de-Punta-Cana-816x864.jpg 816w, https:\/\/diariodominicano.com\/wp-content\/uploads\/2026\/01\/Giovanni-Rainieri_Director-de-Operaciones-Airside-del-Aeropuerto-de-Punta-Cana.jpg 1200w\" sizes=\"auto, (max-width: 968px) 100vw, 968px\" \/><figcaption class=\"wp-element-caption\">Giovanni Rainieri, Director de Operaciones Airside del Aeropuerto de Punta Cana <\/figcaption><\/figure>\n<\/figure>\n\n\n\n<p><strong>Por su parte, Giovanni Rainieri, director de Operaciones Airside del Aeropuerto de Punta Cana, destac\u00f3 la relevancia del reinicio de esta ruta \u201cLa reanudaci\u00f3n de las operaciones de Air France hacia Punta Cana refuerza nuestra conectividad a\u00e9rea con Europa y consolida el posicionamiento del aeropuerto como un hub estrat\u00e9gico del Caribe. Esta conexi\u00f3n no solo ampl\u00eda las opciones de viaje para los pasajeros, sino que tambi\u00e9n impulsa el desarrollo del destino y su proyecci\u00f3n internacional.\u201d<\/strong><\/p>\n\n\n\n<p><strong>Los vuelos operan con salida desde Par\u00eds a las 14:25, con llegada a Punta Cana a las 18:45. El vuelo de regreso despega desde Punta Cana a las 21:05 y aterriza en Par\u00eds a las 10:30 del d\u00eda siguiente. Los pasajeros pueden disfrutar de una experiencia a bordo confortable, disponible en tres cabinas: Business, Premium y Economy.<\/strong><\/p>\n\n\n\n<p>Mar\u00eda Alejandra Alc\u00e1ntara <a href=\"mailto:mariaalejandra@cicom.do\">mariaalejandra@cicom.do<\/a><\/p>\n","protected":false},"excerpt":{"rendered":"<p>Punta Cana, 13 de enero&nbsp;\u2013&nbsp;Tras el reinicio de su servicio estacional entre Par\u00eds\u2013Charles de Gaulle y el Aeropuerto de Punta Cana, Air France celebr\u00f3 el regreso de esta ruta con una&nbsp;presencia sencilla y simb\u00f3lica durante la llegada y salida de los vuelos inaugurales. Con motivo de este reinicio, representantes de Air France y del Aeropuerto [&hellip;]<\/p>\n","protected":false},"author":7,"featured_media":660769,"comment_status":"closed","ping_status":"closed","sticky":false,"template":"","format":"standard","meta":{"footnotes":""},"categories":[32],"tags":[4033,303],"class_list":["post-660760","post","type-post","status-publish","format-standard","has-post-thumbnail","hentry","category-turismo","tag-air-france","tag-punta-cana"],"_links":{"self":[{"href":"https:\/\/diariodominicano.com\/index.php?rest_route=\/wp\/v2\/posts\/660760","targetHints":{"allow":["GET"]}}],"collection":[{"href":"https:\/\/diariodominicano.com\/index.php?rest_route=\/wp\/v2\/posts"}],"about":[{"href":"https:\/\/diariodominicano.com\/index.php?rest_route=\/wp\/v2\/types\/post"}],"author":[{"embeddable":true,"href":"https:\/\/diariodominicano.com\/index.php?rest_route=\/wp\/v2\/users\/7"}],"replies":[{"embeddable":true,"href":"https:\/\/diariodominicano.com\/index.php?rest_route=%2Fwp%2Fv2%2Fcomments&post=660760"}],"version-history":[{"count":1,"href":"https:\/\/diariodominicano.com\/index.php?rest_route=\/wp\/v2\/posts\/660760\/revisions"}],"predecessor-version":[{"id":660770,"href":"https:\/\/diariodominicano.com\/index.php?rest_route=\/wp\/v2\/posts\/660760\/revisions\/660770"}],"wp:featuredmedia":[{"embeddable":true,"href":"https:\/\/diariodominicano.com\/index.php?rest_route=\/wp\/v2\/media\/660769"}],"wp:attachment":[{"href":"https:\/\/diariodominicano.com\/index.php?rest_route=%2Fwp%2Fv2%2Fmedia&parent=660760"}],"wp:term":[{"taxonomy":"category","embeddable":true,"href":"https:\/\/diariodominicano.com\/index.php?rest_route=%2Fwp%2Fv2%2Fcategories&post=660760"},{"taxonomy":"post_tag","embeddable":true,"href":"https:\/\/diariodominicano.com\/index.php?rest_route=%2Fwp%2Fv2%2Ftags&post=660760"}],"curies":[{"name":"wp","href":"https:\/\/api.w.org\/{rel}","templated":true}]}}