{"id":66076,"date":"2012-03-16T19:18:26","date_gmt":"2012-03-16T19:18:26","guid":{"rendered":"http:\/\/diariodominicano.ddns.net\/?p=66076"},"modified":"2012-03-16T19:18:26","modified_gmt":"2012-03-16T19:18:26","slug":"califica-desaguisadas-actitud-de-regidores","status":"publish","type":"post","link":"https:\/\/diariodominicano.com\/?p=66076","title":{"rendered":"Califica \u00abdesaguisadas\u00bb actitud de regidores"},"content":{"rendered":"<p><body><\/p>\n<p><span class=\"text1noticias\">Santo Domingo RD 16 marzo (3:13 pm).- El incumbente de la Comisi\u00f3n Permanente de Efem\u00e9rides Patrias (CPEP), Juan Daniel Balc\u00e1cer, calific\u00f3 este viernes de \u00abdesaguisadas\u00bb la actitud de los regidores que pintaron el monumento a la Libertad Econ\u00f3mica de blanco, porque \u00e9ste estaba siendo utilizado para promover campa\u00f1a de \u00ablos buenos valores\u00bb, que dirige el despacho de la primera dama.<\/span><\/p>\n<p><span class=\"text1noticias\"> <\/span><\/p>\n<p><span class=\"text1noticias\">El presidente de la entidad justific\u00f3 la promoci\u00f3n de \u00ablos valores\u00bb que hace dicha entidad, porque tambi\u00e9n otros lo utilizan para hacer sus promociones.<\/span><\/p>\n<p><span class=\"text1noticias\"> <\/span><\/p>\n<p><span class=\"text1noticias\">Estas declaraciones se produjeron en una rueda de prensa realizada en las Fuerzas Armadas.(AD)<\/span>.<\/p>\n<h6> 2012-03-16 19:18:26 <\/h6>\n<p><!--\n<link rel=\"stylesheet\" href=\"css\/bootstrap.min.css\">\n\n\n<ul class=\"pagination\">\n\t    \n\t\n\n<li >\n\t<a href='?page_no=17753'>Previous<\/a>\n\t<\/li>\n\n\n       \n    \n\n<li><a href='?page_no=1'>1<\/a><\/li>\n\n\n\n<li><a href='?page_no=2'>2<\/a><\/li>\n\n\n\n<li><a>...<\/a><\/li>\n\n\n\n<li><a href='?page_no=17752'>17752<\/a><\/li>\n\n\n\n<li><a href='?page_no=17753'>17753<\/a><\/li>\n\n\n\n<li class='active'><a>17754<\/a><\/li>\n\n\n\n<li><a href='?page_no=17755'>17755<\/a><\/li>\n\n\n\n<li><a href='?page_no=17756'>17756<\/a><\/li>\n\n\n\n<li><a>...<\/a><\/li>\n\n\n\n<li><a href='?page_no=22911'>22911<\/a><\/li>\n\n\n\n<li><a href='?page_no=22912'>22912<\/a><\/li>\n\n    \n\t\n\n<li >\n\t<a href='?page_no=17755'>Next<\/a>\n\t<\/li>\n\n\n    \n\n<li><a href='?page_no=22912'>Last &rsaquo;&rsaquo;<\/a><\/li>\n\n<\/ul>\n\n\n--><br \/>\n<\/body><\/p>\n","protected":false},"excerpt":{"rendered":"<p>Santo Domingo RD 16 marzo (3:13 pm).- El incumbente de la Comisi\u00f3n Permanente de Efem\u00e9rides Patrias (CPEP), Juan Daniel Balc\u00e1cer, calific\u00f3 este viernes de \u00abdesaguisadas\u00bb la actitud de los regidores que pintaron el monumento a la Libertad Econ\u00f3mica de blanco, porque \u00e9ste estaba siendo utilizado para promover campa\u00f1a de \u00ablos buenos valores\u00bb, que dirige el [&hellip;]<\/p>\n","protected":false},"author":3,"featured_media":0,"comment_status":"open","ping_status":"open","sticky":false,"template":"","format":"standard","meta":{"footnotes":""},"categories":[21],"tags":[],"class_list":["post-66076","post","type-post","status-publish","format-standard","hentry","category-cultura"],"_links":{"self":[{"href":"https:\/\/diariodominicano.com\/index.php?rest_route=\/wp\/v2\/posts\/66076","targetHints":{"allow":["GET"]}}],"collection":[{"href":"https:\/\/diariodominicano.com\/index.php?rest_route=\/wp\/v2\/posts"}],"about":[{"href":"https:\/\/diariodominicano.com\/index.php?rest_route=\/wp\/v2\/types\/post"}],"author":[{"embeddable":true,"href":"https:\/\/diariodominicano.com\/index.php?rest_route=\/wp\/v2\/users\/3"}],"replies":[{"embeddable":true,"href":"https:\/\/diariodominicano.com\/index.php?rest_route=%2Fwp%2Fv2%2Fcomments&post=66076"}],"version-history":[{"count":0,"href":"https:\/\/diariodominicano.com\/index.php?rest_route=\/wp\/v2\/posts\/66076\/revisions"}],"wp:attachment":[{"href":"https:\/\/diariodominicano.com\/index.php?rest_route=%2Fwp%2Fv2%2Fmedia&parent=66076"}],"wp:term":[{"taxonomy":"category","embeddable":true,"href":"https:\/\/diariodominicano.com\/index.php?rest_route=%2Fwp%2Fv2%2Fcategories&post=66076"},{"taxonomy":"post_tag","embeddable":true,"href":"https:\/\/diariodominicano.com\/index.php?rest_route=%2Fwp%2Fv2%2Ftags&post=66076"}],"curies":[{"name":"wp","href":"https:\/\/api.w.org\/{rel}","templated":true}]}}