{"id":66075,"date":"2012-03-16T20:31:48","date_gmt":"2012-03-16T20:31:48","guid":{"rendered":"http:\/\/diariodominicano.ddns.net\/?p=66075"},"modified":"2012-03-16T20:31:48","modified_gmt":"2012-03-16T20:31:48","slug":"inauguraran-exposicion-fotografias-memorias-deconstrucciones","status":"publish","type":"post","link":"https:\/\/diariodominicano.com\/?p=66075","title":{"rendered":"&#13;Inaugurar\u00e1n exposici\u00f3n fotograf\u00edas \u00abMemorias &amp; deconstrucciones\u00bb"},"content":{"rendered":"<p><body><\/p>\n<p><span class=\"text1noticias\">Santo Domingo, RD 16 marzo (426 pm).- .- El Museo de Arte Moderno inaugurar\u00e1 la exposici\u00f3n individual \u00abMemorias &amp; Deconstrucciones\u00bb, de Evelyn Espaillat, el pr\u00f3ximo viernes 23, a las 7:00 de la noche,  en el S\u00f3tano del  MAM.<\/span><\/p>\n<\/p>\n<p><span class=\"text1noticias\">Esta exposici\u00f3n fotogr\u00e1fica incluye unas 48 obras seleccionadas y premiadas, tanto en bienales y concursos nacionales, as\u00ed como  extracciones significativas de las distintas series o etapas creativas  desarrolladas durante la \u00faltima d\u00e9cada de la artista.<\/span><\/p>\n<\/p>\n<p><span class=\"text1noticias\">Amable L\u00f3pez Mel\u00e9ndez, curador de la exposici\u00f3n,  explica que \u00abEvelyn Espaillat emerge con personalidad distintiva hacia finales de la d\u00e9cada de los 90s, precisamente, una etapa en la que, en Santo Domingo, se advierte una notable implicaci\u00f3n de las mujeres artistas en la deconstrucci\u00f3n imag\u00e9tico-reflexiva de la memoria, la condici\u00f3n femenina, la sociorealidad, el espacio urbano, la cultura de la violencia, los signos identitarios, su corporeidad y sus propias devastaciones existenciales a trav\u00e9s del acto fotogr\u00e1fico creativo\u00bb.<\/span><\/p>\n<\/p>\n<p><span class=\"text1noticias\">En cuanto a su formaci\u00f3n,  Espaillat inici\u00f3 sus estudios en la Casa Fotogr\u00e1fica Wilfredo Garc\u00eda, Santo Domingo. Luego ingresa en Estados Unidos al Internacional Center of Photography de New York, donde realiza cursos de Fundamentals of studio lighting, The Nude, Hand Coloring Photographs, y Black And White Intensive Photography. Complementa su formaci\u00f3n con talleres y seminarios tanto en el \u00e1rea de la fotograf\u00eda como de Arte Contempor\u00e1neo.<\/span><\/p>\n<\/p>\n<p><span class=\"text1noticias\">La destacada artista del lente ha participado en m\u00faltiples exposiciones colectivas e individuales y  ha sido merecedora de galardones y reconocimientos a nivel nacional e internacional; siendo una de las fot\u00f3grafas dominicanas m\u00e1s destacadas del arte contempor\u00e1neo.<\/span><\/p>\n<\/p>\n<p><span class=\"text1noticias\">El Museo de Arte Moderno de la Rep\u00fablica Dominicana est\u00e1 localizado en la Av. Pedro Henr\u00edquez Ure\u00f1a, Plaza de la Cultura Juan Pablo Duarte, abierto de martes a domingo en horario de 9:00a.m, a 5:00p.m.(AD)<\/span>.-<\/p>\n<\/p>\n<\/p>\n<\/p>\n<h6> 2012-03-16 20:31:48 <\/h6>\n<p><!--\n<link rel=\"stylesheet\" href=\"css\/bootstrap.min.css\">\n\n\n<ul class=\"pagination\">\n\t    \n\t\n\n<li >\n\t<a href='?page_no=17752'>Previous<\/a>\n\t<\/li>\n\n\n       \n    \n\n<li><a href='?page_no=1'>1<\/a><\/li>\n\n\n\n<li><a href='?page_no=2'>2<\/a><\/li>\n\n\n\n<li><a>...<\/a><\/li>\n\n\n\n<li><a href='?page_no=17751'>17751<\/a><\/li>\n\n\n\n<li><a href='?page_no=17752'>17752<\/a><\/li>\n\n\n\n<li class='active'><a>17753<\/a><\/li>\n\n\n\n<li><a href='?page_no=17754'>17754<\/a><\/li>\n\n\n\n<li><a href='?page_no=17755'>17755<\/a><\/li>\n\n\n\n<li><a>...<\/a><\/li>\n\n\n\n<li><a href='?page_no=22911'>22911<\/a><\/li>\n\n\n\n<li><a href='?page_no=22912'>22912<\/a><\/li>\n\n    \n\t\n\n<li >\n\t<a href='?page_no=17754'>Next<\/a>\n\t<\/li>\n\n\n    \n\n<li><a href='?page_no=22912'>Last &rsaquo;&rsaquo;<\/a><\/li>\n\n<\/ul>\n\n\n--><br \/>\n<\/body><\/p>\n","protected":false},"excerpt":{"rendered":"<p>Santo Domingo, RD 16 marzo (426 pm).- .- El Museo de Arte Moderno inaugurar\u00e1 la exposici\u00f3n individual \u00abMemorias &amp; Deconstrucciones\u00bb, de Evelyn Espaillat, el pr\u00f3ximo viernes 23, a las 7:00 de la noche, en el S\u00f3tano del MAM. Esta exposici\u00f3n fotogr\u00e1fica incluye unas 48 obras seleccionadas y premiadas, tanto en bienales y concursos nacionales, as\u00ed [&hellip;]<\/p>\n","protected":false},"author":3,"featured_media":0,"comment_status":"open","ping_status":"open","sticky":false,"template":"","format":"standard","meta":{"footnotes":""},"categories":[21],"tags":[],"class_list":["post-66075","post","type-post","status-publish","format-standard","hentry","category-cultura"],"_links":{"self":[{"href":"https:\/\/diariodominicano.com\/index.php?rest_route=\/wp\/v2\/posts\/66075","targetHints":{"allow":["GET"]}}],"collection":[{"href":"https:\/\/diariodominicano.com\/index.php?rest_route=\/wp\/v2\/posts"}],"about":[{"href":"https:\/\/diariodominicano.com\/index.php?rest_route=\/wp\/v2\/types\/post"}],"author":[{"embeddable":true,"href":"https:\/\/diariodominicano.com\/index.php?rest_route=\/wp\/v2\/users\/3"}],"replies":[{"embeddable":true,"href":"https:\/\/diariodominicano.com\/index.php?rest_route=%2Fwp%2Fv2%2Fcomments&post=66075"}],"version-history":[{"count":0,"href":"https:\/\/diariodominicano.com\/index.php?rest_route=\/wp\/v2\/posts\/66075\/revisions"}],"wp:attachment":[{"href":"https:\/\/diariodominicano.com\/index.php?rest_route=%2Fwp%2Fv2%2Fmedia&parent=66075"}],"wp:term":[{"taxonomy":"category","embeddable":true,"href":"https:\/\/diariodominicano.com\/index.php?rest_route=%2Fwp%2Fv2%2Fcategories&post=66075"},{"taxonomy":"post_tag","embeddable":true,"href":"https:\/\/diariodominicano.com\/index.php?rest_route=%2Fwp%2Fv2%2Ftags&post=66075"}],"curies":[{"name":"wp","href":"https:\/\/api.w.org\/{rel}","templated":true}]}}