{"id":66073,"date":"2012-03-16T20:45:36","date_gmt":"2012-03-16T20:45:36","guid":{"rendered":"http:\/\/diariodominicano.ddns.net\/?p=66073"},"modified":"2012-03-16T20:45:36","modified_gmt":"2012-03-16T20:45:36","slug":"titiritera-argentina-de-gira-en-dominicana","status":"publish","type":"post","link":"https:\/\/diariodominicano.com\/?p=66073","title":{"rendered":"Titiritera argentina de gira en Dominicana"},"content":{"rendered":"<p><body><\/p>\n<p><span class=\"text1noticias\">Santo Domingo, RD 16 marzo (4:40 pm).- Adriana Sobrero, afamada titiritera argentina, se encuentra en el pa\u00eds para iniciar una gira en la que har\u00e1 m\u00e1s de una docena de funciones y talleres en Santo Domingo y algunas provincias.<\/span><\/p>\n<\/p>\n<p><span class=\"text1noticias\">La actividad se inscribe en la celebraci\u00f3n del Mes del Teatro y del d\u00eda nacional e internacional dedicado a este arte. <\/span><\/p>\n<\/p>\n<p><span class=\"text1noticias\">\u00abLa Luna Como Testigo\u00bb  es el hermoso y significativo espect\u00e1culo que trae Adriana a la audiencia criolla como lo ha hecho en los distintos pa\u00edses de Am\u00e9rica y Europa.<\/span><\/p>\n<p><span class=\"text1noticias\"> <\/span><\/p>\n<\/p>\n<p><span class=\"text1noticias\">El Teatro Guloya ser\u00e1 sede de las \u00fanicas dos funciones para p\u00fablico general, de modo que las familias puedan asistir con ni\u00f1os de 2 a 99 a\u00f1os.  <\/span><\/p>\n<\/p>\n<p><span class=\"text1noticias\">Estas funciones ser\u00e1n el domingo 18 y el domingo 25, a las 4:30 de la tarde, con un costo de s\u00f3lo RD$200.00 por persona.<\/span><\/p>\n<\/p>\n<p><span class=\"text1noticias\">La \u00abLa Luna Como Testigo\u00bb cuenta con varias historias que suceden la misma noche; una noche clara y de Luna, de Luna cuarto creciente. <\/span><\/p>\n<\/p>\n<p><span class=\"text1noticias\">En 2002 fue estrenada la obra. En el a\u00f1o 2006 realiza una gira por Europa, en la que particip\u00f3 invitada por el \u00abFestival Mundial de Marionetas\u00bb de Charleville-M\u00e8zi\u00e9res Francia y becada por el Instituto de la Marioneta, para el curso de profesionales \u00abLa lumi\u00e8re au-del\u00e0 de l\u00b4\u00e9clairage\u00bb.(AD)<\/span>.<\/p>\n<\/p>\n<h6> 2012-03-16 20:45:36 <\/h6>\n<p><!--\n<link rel=\"stylesheet\" href=\"css\/bootstrap.min.css\">\n\n\n<ul class=\"pagination\">\n\t    \n\t\n\n<li >\n\t<a href='?page_no=17750'>Previous<\/a>\n\t<\/li>\n\n\n       \n    \n\n<li><a href='?page_no=1'>1<\/a><\/li>\n\n\n\n<li><a href='?page_no=2'>2<\/a><\/li>\n\n\n\n<li><a>...<\/a><\/li>\n\n\n\n<li><a href='?page_no=17749'>17749<\/a><\/li>\n\n\n\n<li><a href='?page_no=17750'>17750<\/a><\/li>\n\n\n\n<li class='active'><a>17751<\/a><\/li>\n\n\n\n<li><a href='?page_no=17752'>17752<\/a><\/li>\n\n\n\n<li><a href='?page_no=17753'>17753<\/a><\/li>\n\n\n\n<li><a>...<\/a><\/li>\n\n\n\n<li><a href='?page_no=22911'>22911<\/a><\/li>\n\n\n\n<li><a href='?page_no=22912'>22912<\/a><\/li>\n\n    \n\t\n\n<li >\n\t<a href='?page_no=17752'>Next<\/a>\n\t<\/li>\n\n\n    \n\n<li><a href='?page_no=22912'>Last &rsaquo;&rsaquo;<\/a><\/li>\n\n<\/ul>\n\n\n--><br \/>\n<\/body><\/p>\n","protected":false},"excerpt":{"rendered":"<p>Santo Domingo, RD 16 marzo (4:40 pm).- Adriana Sobrero, afamada titiritera argentina, se encuentra en el pa\u00eds para iniciar una gira en la que har\u00e1 m\u00e1s de una docena de funciones y talleres en Santo Domingo y algunas provincias. La actividad se inscribe en la celebraci\u00f3n del Mes del Teatro y del d\u00eda nacional e [&hellip;]<\/p>\n","protected":false},"author":3,"featured_media":0,"comment_status":"open","ping_status":"open","sticky":false,"template":"","format":"standard","meta":{"footnotes":""},"categories":[21],"tags":[],"class_list":["post-66073","post","type-post","status-publish","format-standard","hentry","category-cultura"],"_links":{"self":[{"href":"https:\/\/diariodominicano.com\/index.php?rest_route=\/wp\/v2\/posts\/66073","targetHints":{"allow":["GET"]}}],"collection":[{"href":"https:\/\/diariodominicano.com\/index.php?rest_route=\/wp\/v2\/posts"}],"about":[{"href":"https:\/\/diariodominicano.com\/index.php?rest_route=\/wp\/v2\/types\/post"}],"author":[{"embeddable":true,"href":"https:\/\/diariodominicano.com\/index.php?rest_route=\/wp\/v2\/users\/3"}],"replies":[{"embeddable":true,"href":"https:\/\/diariodominicano.com\/index.php?rest_route=%2Fwp%2Fv2%2Fcomments&post=66073"}],"version-history":[{"count":0,"href":"https:\/\/diariodominicano.com\/index.php?rest_route=\/wp\/v2\/posts\/66073\/revisions"}],"wp:attachment":[{"href":"https:\/\/diariodominicano.com\/index.php?rest_route=%2Fwp%2Fv2%2Fmedia&parent=66073"}],"wp:term":[{"taxonomy":"category","embeddable":true,"href":"https:\/\/diariodominicano.com\/index.php?rest_route=%2Fwp%2Fv2%2Fcategories&post=66073"},{"taxonomy":"post_tag","embeddable":true,"href":"https:\/\/diariodominicano.com\/index.php?rest_route=%2Fwp%2Fv2%2Ftags&post=66073"}],"curies":[{"name":"wp","href":"https:\/\/api.w.org\/{rel}","templated":true}]}}