{"id":66072,"date":"2012-03-16T21:26:46","date_gmt":"2012-03-16T21:26:46","guid":{"rendered":"http:\/\/diariodominicano.ddns.net\/?p=66072"},"modified":"2012-03-16T21:26:46","modified_gmt":"2012-03-16T21:26:46","slug":"polemica-en-la-web-por-anuncio-de-la-feria-del-libro","status":"publish","type":"post","link":"https:\/\/diariodominicano.com\/?p=66072","title":{"rendered":"Pol\u00e9mica en la web por anuncio de la Feria del Libro"},"content":{"rendered":"<p><body><\/p>\n<p><span class=\"text1noticias\">Santo Domingo, RD 16 marzo (5:21 pm).- Ayer, la XV Feria Internacional del Libro Santo Domingo 2012 se convirti\u00f3 en tema del momento en Twitter y en Facebook, luego de que se descubriera que una publicidad colocada en la web era similar a una utilizada hace dos a\u00f1os en la Feria del Libro de Colombia.<\/span><\/p>\n<\/p>\n<p><span class=\"text1noticias\">Las discusiones arrancaron y cada quien emiti\u00f3 sus consideraciones. <\/span><\/p>\n<\/p>\n<p><span class=\"text1noticias\">Que si fue un plagio o por qu\u00e9 se le entreg\u00f3 la cuenta a Bluepoem Films, agencia cuya directora de producci\u00f3n es la hija del ministro Jos\u00e9 Rafael Lantigua.<\/span><\/p>\n<\/p>\n<p><span class=\"text1noticias\">El comercial que desat\u00f3 la controversia muestra a una joven que va en un autob\u00fas, saca un libro y posteriormente le coloca un sorbete y \u00abtoma\u00bb el contenido del texto en el momento en que es observada desde o-tro extremo por un joven que la mira y sonr\u00ede.<\/span><\/p>\n<\/p>\n<p><span class=\"text1noticias\">La promoci\u00f3n tiene como lema \u00abNo sabes lo que refresca un libro\u00bb y es el mismo contenido, salvo que el colombiano se hizo en un autob\u00fas, y el de Rep\u00fablica Dominicana en un vag\u00f3n del Metro de Santo Domingo.<\/span><\/p>\n<\/p>\n<p><span class=\"text1noticias\">Aclaraci\u00f3n<\/span><\/p>\n<\/p>\n<p><span class=\"text1noticias\">La direcci\u00f3n de la Feria del LIbro remiti\u00f3 ayer un comunicado a la prensa en el que indica que la versi\u00f3n puesta en Internet no hab\u00eda sido aprobada y que se trat\u00f3 de un desliz, e indic\u00f3 que en el proceso de los preparativos para los comerciales se ponderaron varias propuestas, entre ellas una de la Feria Internacional de Colombia para su edici\u00f3n de 2010. \u00abEn ese tenor, el equipo consider\u00f3 tres versiones de comerciales para la Feria, entre las que se encontraba el referido spot. Por un desliz del departamento de Comunicaci\u00f3n y Audiovisuales, una versi\u00f3n no oficial que no hab\u00eda sido la aprobada por el equipo, fue subida a la red\u00bb, dice la explicaci\u00f3n.<\/span><\/p>\n<\/p>\n<p><span class=\"text1noticias\">La nota se\u00f1ala que para la mejor ejecuci\u00f3n de una de estas tres ideas de comerciales, \u00abse pidi\u00f3 el apoyo gratuito de los servicios t\u00e9cnicos de una empresa que no se dedica a la publicidad, sino a la filmaci\u00f3n de eventos privados. El apoyo, sin costo alguno para el Ministerio de Cultura, consisti\u00f3 en el pr\u00e9stamo de las c\u00e1maras y ayuda en la edici\u00f3n de video. Para la realizaci\u00f3n de ese comercial espec\u00edfico se contrataron dos talentos, as\u00ed como los servicios de un experto que hizo los efectos especiales, \u00fanicos costos en los que incurrir\u00eda el Ministerio por dicho concepto, cuyo monto no supera los setenta mil pesos\u00bb.<\/span><\/p>\n<\/p>\n<p><span class=\"text1noticias\">Refirieron que la instituci\u00f3n carece de los recursos suficientes para la producci\u00f3n de comerciales y anualmente procura la colaboraci\u00f3n de empresas para la elaboraci\u00f3n de los anuncios, as\u00ed como para su difusi\u00f3n. \u00abEl comercial preliminar de la Feria tiene tres semanas en el aire, en los medios que nos apoyan gratuitamente, de modo que el que ha circulado sin autorizaci\u00f3n no es el aprobado. Este spot preliminar fue realizado por la Direcci\u00f3n de Comunicaci\u00f3n y Audiovisuales del Ministerio\u00bb, afirma.<\/span><\/p>\n<\/p>\n<p><span class=\"text1noticias\">La direcci\u00f3n de la Feria del Libro pidi\u00f3 disculpas por los inconvenientes que la divulgaci\u00f3n desautorizada de una de las versiones del comercial haya provocado. \u00abY deja formalmente establecido que cualquier medio de comunicaci\u00f3n est\u00e1 autorizado a conocer los detalles de c\u00f3-mo se organiza el evento ferial y la transparente administraci\u00f3n de los recursos que ha sido, y es, uno de los puntos fuertes de la presente gesti\u00f3n cultural\u00bb, concluye el comunicado.<\/span><\/p>\n<\/p>\n<p><span class=\"text1noticias\">Seg\u00fan el sitio de Facebook del Ministerio de Cultura donde hasta ayer estaba colocado el anuncio, \u00e9ste hab\u00eda sido producido por la agencia Bluepoem Films, la cual tiene la certificaci\u00f3n de la Oficina Nacional para la Propiedad Intelectual No. 294838, de fecha 21 de junio de 2010.(AD)<\/span>.<\/p>\n<h6> 2012-03-16 21:26:46 <\/h6>\n<p><!--\n<link rel=\"stylesheet\" href=\"css\/bootstrap.min.css\">\n\n\n<ul class=\"pagination\">\n\t    \n\t\n\n<li >\n\t<a href='?page_no=17749'>Previous<\/a>\n\t<\/li>\n\n\n       \n    \n\n<li><a href='?page_no=1'>1<\/a><\/li>\n\n\n\n<li><a href='?page_no=2'>2<\/a><\/li>\n\n\n\n<li><a>...<\/a><\/li>\n\n\n\n<li><a href='?page_no=17748'>17748<\/a><\/li>\n\n\n\n<li><a href='?page_no=17749'>17749<\/a><\/li>\n\n\n\n<li class='active'><a>17750<\/a><\/li>\n\n\n\n<li><a href='?page_no=17751'>17751<\/a><\/li>\n\n\n\n<li><a href='?page_no=17752'>17752<\/a><\/li>\n\n\n\n<li><a>...<\/a><\/li>\n\n\n\n<li><a href='?page_no=22911'>22911<\/a><\/li>\n\n\n\n<li><a href='?page_no=22912'>22912<\/a><\/li>\n\n    \n\t\n\n<li >\n\t<a href='?page_no=17751'>Next<\/a>\n\t<\/li>\n\n\n    \n\n<li><a href='?page_no=22912'>Last &rsaquo;&rsaquo;<\/a><\/li>\n\n<\/ul>\n\n\n--><br \/>\n<\/body><\/p>\n","protected":false},"excerpt":{"rendered":"<p>Santo Domingo, RD 16 marzo (5:21 pm).- Ayer, la XV Feria Internacional del Libro Santo Domingo 2012 se convirti\u00f3 en tema del momento en Twitter y en Facebook, luego de que se descubriera que una publicidad colocada en la web era similar a una utilizada hace dos a\u00f1os en la Feria del Libro de Colombia. [&hellip;]<\/p>\n","protected":false},"author":3,"featured_media":0,"comment_status":"open","ping_status":"open","sticky":false,"template":"","format":"standard","meta":{"footnotes":""},"categories":[21],"tags":[],"class_list":["post-66072","post","type-post","status-publish","format-standard","hentry","category-cultura"],"_links":{"self":[{"href":"https:\/\/diariodominicano.com\/index.php?rest_route=\/wp\/v2\/posts\/66072","targetHints":{"allow":["GET"]}}],"collection":[{"href":"https:\/\/diariodominicano.com\/index.php?rest_route=\/wp\/v2\/posts"}],"about":[{"href":"https:\/\/diariodominicano.com\/index.php?rest_route=\/wp\/v2\/types\/post"}],"author":[{"embeddable":true,"href":"https:\/\/diariodominicano.com\/index.php?rest_route=\/wp\/v2\/users\/3"}],"replies":[{"embeddable":true,"href":"https:\/\/diariodominicano.com\/index.php?rest_route=%2Fwp%2Fv2%2Fcomments&post=66072"}],"version-history":[{"count":0,"href":"https:\/\/diariodominicano.com\/index.php?rest_route=\/wp\/v2\/posts\/66072\/revisions"}],"wp:attachment":[{"href":"https:\/\/diariodominicano.com\/index.php?rest_route=%2Fwp%2Fv2%2Fmedia&parent=66072"}],"wp:term":[{"taxonomy":"category","embeddable":true,"href":"https:\/\/diariodominicano.com\/index.php?rest_route=%2Fwp%2Fv2%2Fcategories&post=66072"},{"taxonomy":"post_tag","embeddable":true,"href":"https:\/\/diariodominicano.com\/index.php?rest_route=%2Fwp%2Fv2%2Ftags&post=66072"}],"curies":[{"name":"wp","href":"https:\/\/api.w.org\/{rel}","templated":true}]}}