{"id":66071,"date":"2012-03-16T21:30:09","date_gmt":"2012-03-16T21:30:09","guid":{"rendered":"http:\/\/diariodominicano.ddns.net\/?p=66071"},"modified":"2012-03-16T21:30:09","modified_gmt":"2012-03-16T21:30:09","slug":"salvador-gomez-y-el-padre-mateu-vienen-a-la-feria-del-libro-catolico","status":"publish","type":"post","link":"https:\/\/diariodominicano.com\/?p=66071","title":{"rendered":"Salvador G\u00f3mez y el padre Mateu vienen a la Feria del Libro Cat\u00f3lico"},"content":{"rendered":"<p><body><\/p>\n<p><span class=\"text1noticias\">Santo Domingo RD 16 marzo (5:25 pm).- La Feria del Libro Cat\u00f3lico 2012, que se celebrar\u00e1 hasta el 25 de este mes en la Casa San Pablo, iniciar\u00e1 ma\u00f1ana a las siete de la noche con un acto encabezado por el cardenal Nicol\u00e1s de Jes\u00fas L\u00f3pez Rodr\u00edguez.<\/span><\/p>\n<\/p>\n<p><span class=\"text1noticias\">Entre los invitados internacionales a la vig\u00e9simo tercera edici\u00f3n de la actividad se encuentran el predicador Salvador G\u00f3mez y el padre Gregorio Mateu, sacerdote jesuita.<\/span><\/p>\n<\/p>\n<p><span class=\"text1noticias\">G\u00f3mez ofrecer\u00e1, el pr\u00f3ximo martes, la charla \u00abFamilia cristiana y el reto de educar en estos tiempos, y el mi\u00e9rcoles 21 Mateu tendr\u00e1 el encuentro \u00abEsperanzas cristianas en un mundo desesperanzado\u00bb. Ambas ser\u00e1n en el auditorio de la Casa San Pablo.<\/span><\/p>\n<\/p>\n<p><span class=\"text1noticias\">La apertura de la Feria del Libro Cat\u00f3lico ser\u00e1 con un concierto del grupo Alfareros y el cierre con un concierto de Ambiorix Padilla.<\/span><\/p>\n<\/p>\n<p><span class=\"text1noticias\">Durante los nueve d\u00edas que dure la feria, los visitantes podr\u00e1n hojear y comprar buenos libros inspirados en la formaci\u00f3n cristiana, la educaci\u00f3n y los valores para su crecimiento espiritual, seg\u00fan una nota de prensa.<\/span><\/p>\n<\/p>\n<p><span class=\"text1noticias\">Habr\u00e1 en la feria cuatro puestas en circulaci\u00f3n. El lunes 19 de marzo, a las 8:30 p.m., presentar\u00e1n un libro del padre Alem\u00e1n intitulado \u00abEconom\u00eda pol\u00edtica dominicana\u00bb y el jueves 22, a las 7:00 p.m., \u00abLos disc\u00edpulos misioneros\u00bb, y a las 7:45 p.m., \u00abAportes de la Iglesia a la Humanidad\u00bb.<\/span><\/p>\n<\/p>\n<p><span class=\"text1noticias\">El s\u00e1bado 24 ser\u00e1 la puesta del libro \u00abMemorias y experiencias pastorales del arzobispo Flores\u00bb.<\/span><\/p>\n<\/p>\n<p><span class=\"text1noticias\">El viernes 23, a las 7:00 p.m., ser\u00e1 la charla del IDEFA \u00abLa situaci\u00f3n de la familia de hoy\u00bb.(AD)<\/span>.<\/p>\n<\/p>\n<h6> 2012-03-16 21:30:09 <\/h6>\n<p><!--\n<link rel=\"stylesheet\" href=\"css\/bootstrap.min.css\">\n\n\n<ul class=\"pagination\">\n\t    \n\t\n\n<li >\n\t<a href='?page_no=17748'>Previous<\/a>\n\t<\/li>\n\n\n       \n    \n\n<li><a href='?page_no=1'>1<\/a><\/li>\n\n\n\n<li><a href='?page_no=2'>2<\/a><\/li>\n\n\n\n<li><a>...<\/a><\/li>\n\n\n\n<li><a href='?page_no=17747'>17747<\/a><\/li>\n\n\n\n<li><a href='?page_no=17748'>17748<\/a><\/li>\n\n\n\n<li class='active'><a>17749<\/a><\/li>\n\n\n\n<li><a href='?page_no=17750'>17750<\/a><\/li>\n\n\n\n<li><a href='?page_no=17751'>17751<\/a><\/li>\n\n\n\n<li><a>...<\/a><\/li>\n\n\n\n<li><a href='?page_no=22911'>22911<\/a><\/li>\n\n\n\n<li><a href='?page_no=22912'>22912<\/a><\/li>\n\n    \n\t\n\n<li >\n\t<a href='?page_no=17750'>Next<\/a>\n\t<\/li>\n\n\n    \n\n<li><a href='?page_no=22912'>Last &rsaquo;&rsaquo;<\/a><\/li>\n\n<\/ul>\n\n\n--><br \/>\n<\/body><\/p>\n","protected":false},"excerpt":{"rendered":"<p>Santo Domingo RD 16 marzo (5:25 pm).- La Feria del Libro Cat\u00f3lico 2012, que se celebrar\u00e1 hasta el 25 de este mes en la Casa San Pablo, iniciar\u00e1 ma\u00f1ana a las siete de la noche con un acto encabezado por el cardenal Nicol\u00e1s de Jes\u00fas L\u00f3pez Rodr\u00edguez. Entre los invitados internacionales a la vig\u00e9simo tercera [&hellip;]<\/p>\n","protected":false},"author":3,"featured_media":0,"comment_status":"open","ping_status":"open","sticky":false,"template":"","format":"standard","meta":{"footnotes":""},"categories":[21],"tags":[],"class_list":["post-66071","post","type-post","status-publish","format-standard","hentry","category-cultura"],"_links":{"self":[{"href":"https:\/\/diariodominicano.com\/index.php?rest_route=\/wp\/v2\/posts\/66071","targetHints":{"allow":["GET"]}}],"collection":[{"href":"https:\/\/diariodominicano.com\/index.php?rest_route=\/wp\/v2\/posts"}],"about":[{"href":"https:\/\/diariodominicano.com\/index.php?rest_route=\/wp\/v2\/types\/post"}],"author":[{"embeddable":true,"href":"https:\/\/diariodominicano.com\/index.php?rest_route=\/wp\/v2\/users\/3"}],"replies":[{"embeddable":true,"href":"https:\/\/diariodominicano.com\/index.php?rest_route=%2Fwp%2Fv2%2Fcomments&post=66071"}],"version-history":[{"count":0,"href":"https:\/\/diariodominicano.com\/index.php?rest_route=\/wp\/v2\/posts\/66071\/revisions"}],"wp:attachment":[{"href":"https:\/\/diariodominicano.com\/index.php?rest_route=%2Fwp%2Fv2%2Fmedia&parent=66071"}],"wp:term":[{"taxonomy":"category","embeddable":true,"href":"https:\/\/diariodominicano.com\/index.php?rest_route=%2Fwp%2Fv2%2Fcategories&post=66071"},{"taxonomy":"post_tag","embeddable":true,"href":"https:\/\/diariodominicano.com\/index.php?rest_route=%2Fwp%2Fv2%2Ftags&post=66071"}],"curies":[{"name":"wp","href":"https:\/\/api.w.org\/{rel}","templated":true}]}}