{"id":66070,"date":"2012-03-16T21:33:24","date_gmt":"2012-03-16T21:33:24","guid":{"rendered":"http:\/\/diariodominicano.ddns.net\/?p=66070"},"modified":"2012-03-16T21:33:24","modified_gmt":"2012-03-16T21:33:24","slug":"diario-libre-brinda-en-honor-al-hombre-y-mujer-del-ano","status":"publish","type":"post","link":"https:\/\/diariodominicano.com\/?p=66070","title":{"rendered":"&#13;Diario Libre brinda en honor al Hombre y Mujer del a\u00f1o"},"content":{"rendered":"<p><body><\/p>\n<p><span class=\"text1noticias\">Santo Domingo RD 16 marzo (5:28 pm).- \u00abPadre Linares y do\u00f1a Olga Gonz\u00e1lez nos sentimos muy honrados de hacerles entrega del Premio Hombre y Mujer del a\u00f1o 2011 y nos sentimos muy orgullosos de presentarles a la naci\u00f3n como ejemplos de hombres y mujeres honrados, \u00edntegros y generosos para construir una Rep\u00fablica Dominicana sostenida con la fe en Dios y la esperanza de una patria bendecida por hombres y mujeres que aman la libertad\u00bb. <\/span><\/p>\n<\/p>\n<p><span class=\"text1noticias\">Estas fueron las palabras del director de Diario Libre, Adriano Miguel Tejada, durante la entrega de este galard\u00f3n que distingue aquellos que sin remuneraci\u00f3n alguna realizan obras solidarias a la sociedad.<\/span><\/p>\n<\/p>\n<p><span class=\"text1noticias\">Con una cena gala celebrada en el hotel El Embajador, cinco de los nominados, Divina Franco, Gianni Paulino, Oscar Villanueva, Pablo Vi\u00f1as y Henry Sahdal\u00e1, recibieron de la mano del vicepresidente del Grupo Omnimedia, Manuel A. Pellerano y Adriano M. Tejada las estatuillas que lo acreditan como mujeres y hombres que trabajan a favor de la sociedad dominicana y en pro de los m\u00e1s necesitados.<\/span><\/p>\n<\/p>\n<p><span class=\"text1noticias\">Tejada, en su discurso, destac\u00f3 la labor del Padre Linares y de do\u00f1a Olga, quienes con sus obras caritativas han incrementado la calidad de vida de miles de dominicanos, especialmente ni\u00f1os de escasos recursos y mujeres que atraviesan por una dolorosa experiencia como lo es el c\u00e1ncer. Asimismo felicit\u00f3 el trabajo de los jurados.<\/span><\/p>\n<\/p>\n<p><span class=\"text1noticias\">El escenario fue propicio para distinguir con una placa de reconocimiento a la periodista Nuria Piera, por sus 25 a\u00f1os en la televisi\u00f3n dominicana y a Melba Segura de Grull\u00f3n, por los 10 a\u00f1os de labor encomiable frente a la Fundaci\u00f3n Sur Futuro. <\/span><\/p>\n<\/p>\n<p><span class=\"text1noticias\">Tanto Linares, como Gonz\u00e1lez aplaudieron la iniciativa del Grupo Omnimedia y agradecieron la distinci\u00f3n.<\/span><\/p>\n<\/p>\n<p><span class=\"text1noticias\">Acerca del premio<\/span><\/p>\n<\/p>\n<p><span class=\"text1noticias\">El Hombre y Mujer del a\u00f1o llega a su 6ta edici\u00f3n. Este premio se entrega desde el 2006 y con \u00e9l han sido reconocidos personalidades como Freddy Beras Goico, Mary P\u00e9rez de Marranzini, Marcos D\u00edaz, Nuria Piera, Juan Luis Guerra y Melba Segura de Grull\u00f3n. Las nominaciones pueden ser propuestas por personas independientes o instituciones de cualquier tipo.(AD)<\/span>.<\/p>\n<h6> 2012-03-16 21:33:24 <\/h6>\n<p><!--\n<link rel=\"stylesheet\" href=\"css\/bootstrap.min.css\">\n\n\n<ul class=\"pagination\">\n\t    \n\t\n\n<li >\n\t<a href='?page_no=17747'>Previous<\/a>\n\t<\/li>\n\n\n       \n    \n\n<li><a href='?page_no=1'>1<\/a><\/li>\n\n\n\n<li><a href='?page_no=2'>2<\/a><\/li>\n\n\n\n<li><a>...<\/a><\/li>\n\n\n\n<li><a href='?page_no=17746'>17746<\/a><\/li>\n\n\n\n<li><a href='?page_no=17747'>17747<\/a><\/li>\n\n\n\n<li class='active'><a>17748<\/a><\/li>\n\n\n\n<li><a href='?page_no=17749'>17749<\/a><\/li>\n\n\n\n<li><a href='?page_no=17750'>17750<\/a><\/li>\n\n\n\n<li><a>...<\/a><\/li>\n\n\n\n<li><a href='?page_no=22911'>22911<\/a><\/li>\n\n\n\n<li><a href='?page_no=22912'>22912<\/a><\/li>\n\n    \n\t\n\n<li >\n\t<a href='?page_no=17749'>Next<\/a>\n\t<\/li>\n\n\n    \n\n<li><a href='?page_no=22912'>Last &rsaquo;&rsaquo;<\/a><\/li>\n\n<\/ul>\n\n\n--><br \/>\n<\/body><\/p>\n","protected":false},"excerpt":{"rendered":"<p>Santo Domingo RD 16 marzo (5:28 pm).- \u00abPadre Linares y do\u00f1a Olga Gonz\u00e1lez nos sentimos muy honrados de hacerles entrega del Premio Hombre y Mujer del a\u00f1o 2011 y nos sentimos muy orgullosos de presentarles a la naci\u00f3n como ejemplos de hombres y mujeres honrados, \u00edntegros y generosos para construir una Rep\u00fablica Dominicana sostenida con [&hellip;]<\/p>\n","protected":false},"author":3,"featured_media":0,"comment_status":"open","ping_status":"open","sticky":false,"template":"","format":"standard","meta":{"footnotes":""},"categories":[21],"tags":[],"class_list":["post-66070","post","type-post","status-publish","format-standard","hentry","category-cultura"],"_links":{"self":[{"href":"https:\/\/diariodominicano.com\/index.php?rest_route=\/wp\/v2\/posts\/66070","targetHints":{"allow":["GET"]}}],"collection":[{"href":"https:\/\/diariodominicano.com\/index.php?rest_route=\/wp\/v2\/posts"}],"about":[{"href":"https:\/\/diariodominicano.com\/index.php?rest_route=\/wp\/v2\/types\/post"}],"author":[{"embeddable":true,"href":"https:\/\/diariodominicano.com\/index.php?rest_route=\/wp\/v2\/users\/3"}],"replies":[{"embeddable":true,"href":"https:\/\/diariodominicano.com\/index.php?rest_route=%2Fwp%2Fv2%2Fcomments&post=66070"}],"version-history":[{"count":0,"href":"https:\/\/diariodominicano.com\/index.php?rest_route=\/wp\/v2\/posts\/66070\/revisions"}],"wp:attachment":[{"href":"https:\/\/diariodominicano.com\/index.php?rest_route=%2Fwp%2Fv2%2Fmedia&parent=66070"}],"wp:term":[{"taxonomy":"category","embeddable":true,"href":"https:\/\/diariodominicano.com\/index.php?rest_route=%2Fwp%2Fv2%2Fcategories&post=66070"},{"taxonomy":"post_tag","embeddable":true,"href":"https:\/\/diariodominicano.com\/index.php?rest_route=%2Fwp%2Fv2%2Ftags&post=66070"}],"curies":[{"name":"wp","href":"https:\/\/api.w.org\/{rel}","templated":true}]}}