{"id":66065,"date":"2012-03-17T19:45:47","date_gmt":"2012-03-17T19:45:47","guid":{"rendered":"http:\/\/diariodominicano.ddns.net\/?p=66065"},"modified":"2012-03-17T19:45:47","modified_gmt":"2012-03-17T19:45:47","slug":"uasd-creara-catedra-orlando-martinez","status":"publish","type":"post","link":"https:\/\/diariodominicano.com\/?p=66065","title":{"rendered":"UASD crear\u00e1 c\u00e1tedra Orlando Mart\u00ednez"},"content":{"rendered":"<p><body><\/p>\n<p><img decoding=\"async\" src=\"http:\/\/localhost:8080\/img3\/orlando.JPG\" \/>  <\/p>\n<p><span class=\"text1noticias\">Rep.Dom, 17 de Marzo 03: 45 P.M.-El rector de la Universidad Aut\u00f3noma de Santo Domingo (UASD), maestro Mateo Aquino Febrillet, anunci\u00f3 esa academia har\u00e1 un homenaje permanente al asesinado periodista Orlando Mart\u00ednez, al crear una c\u00e1tedra con su nombre.<\/span><\/p>\n<\/p>\n<p><span class=\"text1noticias\">Aquino Febrillet signific\u00f3 que, en los pr\u00f3ximos d\u00edas, har\u00e1 los trasmites pertinentes a trav\u00e9s de la Escuela de Comunicaci\u00f3n Social y el Consejo Directivo de la Facultad de Humanidades.<\/span><\/p>\n<\/p>\n<p><span class=\"text1noticias\">\u00abEs por ello que deseo informar que, para rendir un homenaje permanente a ese magnifico periodista, propondremos a trav\u00e9s de la Escuela de Comunicaci\u00f3n Social y el Consejo Directivo de la Facultad de Humanidades, la creaci\u00f3n de la C\u00e1tedra Orlando Mart\u00ednez\u00bb, precis\u00f3.<\/span><\/p>\n<\/p>\n<p><span class=\"text1noticias\">|\tManifest\u00f3 que la creaci\u00f3n de la c\u00e1tedra \u00abOrlando Mart\u00ednez\u00bb tiene el prop\u00f3sito de que las nuevas generaciones conozcan que en el pa\u00eds hubo una pluma, como la del extinto comunicador, que nunca se vendi\u00f3.<\/span><\/p>\n<\/p>\n<p><span class=\"text1noticias\">Destac\u00f3 que esa c\u00e1tedra elevar\u00e1 la formaci\u00f3n \u00e9tica de los egresados en Comunicaci\u00f3n Social.<\/span><\/p>\n<\/p>\n<p><span class=\"text1noticias\">El funcionario acad\u00e9mico ofreci\u00f3 la informaci\u00f3n al pronunciar el discurso principal en el acto efectuado para conmemorar el 37 aniversario del asesinato del periodista Mart\u00ednez, ocurrido en la avenida Jos\u00e9 Contreras, por un comando militar en el gobierno del doctor Joaqu\u00edn Balaguer.<\/span><\/p>\n<\/p>\n<p><span class=\"text1noticias\">El maestro Aquino Febrillet record\u00f3 lo afirmado por el periodista norteamericano Joseph Pulitzer,  de que \u00abel poder para moldear el futuro de una naci\u00f3n estar\u00e1 en manos del periodismo de las generaciones futuras\u00bb.<\/span><\/p>\n<\/p>\n<p><span class=\"text1noticias\">Asimismo, el alto funcionario de la Universidad estatal acogi\u00f3 la propuesta hecha por el dirigente izquierdista Narciso Isa Conde, en el sentido de que esa instituci\u00f3n imprima masivamente los tres tomos que contienen las columnas escritas por Mart\u00ednez, una de las que sirvieron para enconar a personajes del gobierno balaguerista en el 1975.<\/span><\/p>\n<\/p>\n<p><span class=\"text1noticias\">Dijo que \u00abhoy rendimos un nuevo homenaje al periodista de la pluma insobornable, un palad\u00edn de la justicia, la libertad, solidaridad y la paz\u00bb.<\/span><\/p>\n<\/p>\n<p><span class=\"text1noticias\">Precis\u00f3 que \u00abOrlando encontr\u00f3 en el periodismo el medio m\u00e1s eficaz de luchar contra las condiciones sociales en que viv\u00eda el pueblo dominicano\u00bb.<\/span><\/p>\n<\/p>\n<p><span class=\"text1noticias\">Manifest\u00f3 que el extinto comunicador fue un ac\u00e9rrimo defensor de las libertades p\u00fablicas, la democracia y en contra de las persecuciones, el exilio y la corrupci\u00f3n.<\/span><\/p>\n<\/p>\n<p><span class=\"text1noticias\">Aquino Febrillet sostuvo que Mart\u00ednez siempre estuvo al lado de las luchas y reivindicaciones pol\u00edticas y sociales, publicando sus art\u00edculos cr\u00edticos y de denuncia en los medios de comunicaci\u00f3n.<\/span><\/p>\n<\/p>\n<p><span class=\"text1noticias\">Junto a esas cualidades, el rector de la UASD tambi\u00e9n ponder\u00f3 la honestidad, su aguda inteligencia y la no especulaci\u00f3n, adem\u00e1s de no ocultar nunca la verdad.<\/span><\/p>\n<\/p>\n<p><span class=\"text1noticias\">En el acto, tambi\u00e9n hicieron uso de la palabra, el licenciado Aurelio Henr\u00edquez, presidente del Colegio Dominicano de Periodistas; Isa Conde, de la Fuerza Campa\u00f1ista, y V\u00edctor Ger\u00f3nimo, de la Fuerza de la Revoluci\u00f3n.<\/span><\/p>\n<\/p>\n<p><span class=\"text1noticias\">De igual modo, el ingeniero Nilson Mart\u00ednez Howley, hermano de Orlando, y el poeta Mateo Morris\u00f3n, quien ley\u00f3 un poema escrito a la memoria del asesinado periodista.<\/span><\/p>\n<\/p>\n<p><span class=\"text1noticias\">Aquino Febrillet fue acompa\u00f1ado por los vicerrectores: Administrativa, maestra Emma Polanco; de Investigaci\u00f3n y Postgrado, maestro Francisco Vegazo, y de Extensi\u00f3n, maestro Francisco Terrero Galarza; el secretario general, doctor Santo Inocencio Mercedes, entre otros.(HG)<\/span>.<\/p>\n<h6> 2012-03-17 19:45:47 <\/h6>\n<p><!--\n<link rel=\"stylesheet\" href=\"css\/bootstrap.min.css\">\n\n\n<ul class=\"pagination\">\n\t    \n\t\n\n<li >\n\t<a href='?page_no=17742'>Previous<\/a>\n\t<\/li>\n\n\n       \n    \n\n<li><a href='?page_no=1'>1<\/a><\/li>\n\n\n\n<li><a href='?page_no=2'>2<\/a><\/li>\n\n\n\n<li><a>...<\/a><\/li>\n\n\n\n<li><a href='?page_no=17741'>17741<\/a><\/li>\n\n\n\n<li><a href='?page_no=17742'>17742<\/a><\/li>\n\n\n\n<li class='active'><a>17743<\/a><\/li>\n\n\n\n<li><a href='?page_no=17744'>17744<\/a><\/li>\n\n\n\n<li><a href='?page_no=17745'>17745<\/a><\/li>\n\n\n\n<li><a>...<\/a><\/li>\n\n\n\n<li><a href='?page_no=22911'>22911<\/a><\/li>\n\n\n\n<li><a href='?page_no=22912'>22912<\/a><\/li>\n\n    \n\t\n\n<li >\n\t<a href='?page_no=17744'>Next<\/a>\n\t<\/li>\n\n\n    \n\n<li><a href='?page_no=22912'>Last &rsaquo;&rsaquo;<\/a><\/li>\n\n<\/ul>\n\n\n--><br \/>\n<\/body><\/p>\n","protected":false},"excerpt":{"rendered":"<p>Rep.Dom, 17 de Marzo 03: 45 P.M.-El rector de la Universidad Aut\u00f3noma de Santo Domingo (UASD), maestro Mateo Aquino Febrillet, anunci\u00f3 esa academia har\u00e1 un homenaje permanente al asesinado periodista Orlando Mart\u00ednez, al crear una c\u00e1tedra con su nombre. Aquino Febrillet signific\u00f3 que, en los pr\u00f3ximos d\u00edas, har\u00e1 los trasmites pertinentes a trav\u00e9s de la [&hellip;]<\/p>\n","protected":false},"author":3,"featured_media":0,"comment_status":"open","ping_status":"open","sticky":false,"template":"","format":"standard","meta":{"footnotes":""},"categories":[21],"tags":[],"class_list":["post-66065","post","type-post","status-publish","format-standard","hentry","category-cultura"],"_links":{"self":[{"href":"https:\/\/diariodominicano.com\/index.php?rest_route=\/wp\/v2\/posts\/66065","targetHints":{"allow":["GET"]}}],"collection":[{"href":"https:\/\/diariodominicano.com\/index.php?rest_route=\/wp\/v2\/posts"}],"about":[{"href":"https:\/\/diariodominicano.com\/index.php?rest_route=\/wp\/v2\/types\/post"}],"author":[{"embeddable":true,"href":"https:\/\/diariodominicano.com\/index.php?rest_route=\/wp\/v2\/users\/3"}],"replies":[{"embeddable":true,"href":"https:\/\/diariodominicano.com\/index.php?rest_route=%2Fwp%2Fv2%2Fcomments&post=66065"}],"version-history":[{"count":0,"href":"https:\/\/diariodominicano.com\/index.php?rest_route=\/wp\/v2\/posts\/66065\/revisions"}],"wp:attachment":[{"href":"https:\/\/diariodominicano.com\/index.php?rest_route=%2Fwp%2Fv2%2Fmedia&parent=66065"}],"wp:term":[{"taxonomy":"category","embeddable":true,"href":"https:\/\/diariodominicano.com\/index.php?rest_route=%2Fwp%2Fv2%2Fcategories&post=66065"},{"taxonomy":"post_tag","embeddable":true,"href":"https:\/\/diariodominicano.com\/index.php?rest_route=%2Fwp%2Fv2%2Ftags&post=66065"}],"curies":[{"name":"wp","href":"https:\/\/api.w.org\/{rel}","templated":true}]}}